{"id":229832,"date":"2022-04-20T20:30:08","date_gmt":"2022-04-20T17:30:08","guid":{"rendered":"http:\/\/107.6.182.27\/es\/?p=229832"},"modified":"2023-01-10T16:20:15","modified_gmt":"2023-01-10T14:20:15","slug":"fuerzas-de-seguridad-rusas-capturan-a-5-terroristas-en-de-daesh-en-sverdlovsk","status":"publish","type":"post","link":"https:\/\/archive.sana.sy\/es\/?p=229832","title":{"rendered":"Fuerzas de Seguridad rusas capturan a 5 terroristas de Daesh en Sverdlovsk"},"content":{"rendered":"<p style=\"text-align: justify;\">Mosc\u00fa, 20 abr (SANA) Las fuerzas de seguridad rusas arrestaron a cinco terroristas en la regi\u00f3n de Sverdlovsk, en el centro de Rusia.<\/p>\n<p style=\"text-align: justify;\">&#8220;Una c\u00e9lula secreta perteneciente a una organizaci\u00f3n terrorista compuesta por cinco personas de los pa\u00edses de la regi\u00f3n de Asia Central ha sido neutralizada en Sverdlovsk&#8221;, dijo la agencia de noticias TASS citando al Servicio Federal de Seguridad de Rusia.<\/p>\n<p style=\"text-align: justify;\">Seg\u00fan la fuente, &#8220;los terroristas, bajo la direcci\u00f3n de enviados extranjeros de una organizaci\u00f3n terrorista internacional, llevaron a cabo medidas para difundir la ideolog\u00eda terrorista en Rusia y, durante reuniones secretas, reclutaron a ciudadanos rusos en sus filas&#8221;.<\/p>\n<p style=\"text-align: justify;\">El pasado lunes, las fuerzas de seguridad rusas arrestaron a tres miembros de la organizaci\u00f3n terrorista Daesh en la rep\u00fablica rusa de Karach\u00e1yevo-Cherkesia.<\/p>\n<p style=\"text-align: justify;\">mm<\/p>\n","protected":false},"excerpt":{"rendered":"<p>Mosc\u00fa, 20 abr (SANA) Las fuerzas de seguridad rusas arrestaron a cinco terroristas en la regi\u00f3n de Sverdlovsk, en el centro de Rusia. &#8220;Una c\u00e9lula secreta perteneciente a una organizaci\u00f3n terrorista compuesta por cinco personas de los pa\u00edses de la regi\u00f3n de Asia Central ha sido neutralizada en Sverdlovsk&#8221;, dijo la agencia de noticias TASS &hellip;<\/p>\n","protected":false},"author":36,"featured_media":229833,"comment_status":"closed","ping_status":"closed","sticky":false,"template":"","format":"standard","meta":{"footnotes":""},"categories":[597,456,457],"tags":[],"class_list":["post-229832","post","type-post","status-publish","format-standard","has-post-thumbnail","","category-cinta-de-noticias","category-arabe-internacional-politica","category-noticias-arabe-internacional-politica"],"_links":{"self":[{"href":"https:\/\/archive.sana.sy\/es\/index.php?rest_route=\/wp\/v2\/posts\/229832"}],"collection":[{"href":"https:\/\/archive.sana.sy\/es\/index.php?rest_route=\/wp\/v2\/posts"}],"about":[{"href":"https:\/\/archive.sana.sy\/es\/index.php?rest_route=\/wp\/v2\/types\/post"}],"author":[{"embeddable":true,"href":"https:\/\/archive.sana.sy\/es\/index.php?rest_route=\/wp\/v2\/users\/36"}],"replies":[{"embeddable":true,"href":"https:\/\/archive.sana.sy\/es\/index.php?rest_route=%2Fwp%2Fv2%2Fcomments&post=229832"}],"version-history":[{"count":0,"href":"https:\/\/archive.sana.sy\/es\/index.php?rest_route=\/wp\/v2\/posts\/229832\/revisions"}],"wp:featuredmedia":[{"embeddable":true,"href":"https:\/\/archive.sana.sy\/es\/index.php?rest_route=\/wp\/v2\/media\/229833"}],"wp:attachment":[{"href":"https:\/\/archive.sana.sy\/es\/index.php?rest_route=%2Fwp%2Fv2%2Fmedia&parent=229832"}],"wp:term":[{"taxonomy":"category","embeddable":true,"href":"https:\/\/archive.sana.sy\/es\/index.php?rest_route=%2Fwp%2Fv2%2Fcategories&post=229832"},{"taxonomy":"post_tag","embeddable":true,"href":"https:\/\/archive.sana.sy\/es\/index.php?rest_route=%2Fwp%2Fv2%2Ftags&post=229832"}],"curies":[{"name":"wp","href":"https:\/\/api.w.org\/{rel}","templated":true}]}}