{"id":22985,"date":"2015-05-10T15:00:43","date_gmt":"2015-05-10T12:00:43","guid":{"rendered":"http:\/\/sana.sy\/es\/?p=22985"},"modified":"2015-05-10T15:45:48","modified_gmt":"2015-05-10T12:45:48","slug":"fuerzas-israelies-ingresan-a-un-terrorista-herido-en-siria-en-un-hospital-en-el-territorio-palestino-ocupado","status":"publish","type":"post","link":"https:\/\/archive.sana.sy\/es\/?p=22985","title":{"rendered":"Fuerzas israel\u00edes ingresan a un terrorista herido en Siria en un hospital en el territorio palestino ocupado"},"content":{"rendered":"<p><span style=\"color: #800000\">Jerusal\u00e9n ocupada, SANA<\/span><\/p>\n<p>El ente sionista sigue brindando apoyo a los terroristas que\u00a0 operan en Siria.<\/p>\n<p>En este marco, el diario israel\u00ed \u201cYedioth Ahronoth\u201d revel\u00f3 que las fuerzas israel\u00edes trasladaron ayer a \u201cun terrorista herido de gravedad a un hospital en al norte de Israel\u201d (el territorio palestino ocupado en el 1948).<\/p>\n<p>Asimismo revel\u00f3 que los hospitales israel\u00edes prestaron atenci\u00f3n m\u00e9dica a 1600 terroristas heridos, de los cuales centenares volvieron para reanudar sus combates en Siria despu\u00e9s de recibir el tratamiento m\u00e9dico.<\/p>\n<p>Lynn A., Riyad Sh.<\/p>\n","protected":false},"excerpt":{"rendered":"<p>Jerusal\u00e9n ocupada, SANA El ente sionista sigue brindando apoyo a los terroristas que\u00a0 operan en Siria. En este marco, el diario israel\u00ed \u201cYedioth Ahronoth\u201d revel\u00f3 que las fuerzas israel\u00edes trasladaron ayer a \u201cun terrorista herido de gravedad a un hospital en al norte de Israel\u201d (el territorio palestino ocupado en el 1948). Asimismo revel\u00f3 que &hellip;<\/p>\n","protected":false},"author":24,"featured_media":14627,"comment_status":"closed","ping_status":"closed","sticky":false,"template":"","format":"standard","meta":{"footnotes":""},"categories":[456,457,576],"tags":[5199],"class_list":["post-22985","post","type-post","status-publish","format-standard","has-post-thumbnail","","category-arabe-internacional-politica","category-noticias-arabe-internacional-politica","category-noticias-politicas","tag-fuerzas-israelies-ingresan-a-un-terrorista-herido-en-siria-en-un-hospital-en-el-territorio-palestino-ocupado"],"_links":{"self":[{"href":"https:\/\/archive.sana.sy\/es\/index.php?rest_route=\/wp\/v2\/posts\/22985"}],"collection":[{"href":"https:\/\/archive.sana.sy\/es\/index.php?rest_route=\/wp\/v2\/posts"}],"about":[{"href":"https:\/\/archive.sana.sy\/es\/index.php?rest_route=\/wp\/v2\/types\/post"}],"author":[{"embeddable":true,"href":"https:\/\/archive.sana.sy\/es\/index.php?rest_route=\/wp\/v2\/users\/24"}],"replies":[{"embeddable":true,"href":"https:\/\/archive.sana.sy\/es\/index.php?rest_route=%2Fwp%2Fv2%2Fcomments&post=22985"}],"version-history":[{"count":0,"href":"https:\/\/archive.sana.sy\/es\/index.php?rest_route=\/wp\/v2\/posts\/22985\/revisions"}],"wp:featuredmedia":[{"embeddable":true,"href":"https:\/\/archive.sana.sy\/es\/index.php?rest_route=\/wp\/v2\/media\/14627"}],"wp:attachment":[{"href":"https:\/\/archive.sana.sy\/es\/index.php?rest_route=%2Fwp%2Fv2%2Fmedia&parent=22985"}],"wp:term":[{"taxonomy":"category","embeddable":true,"href":"https:\/\/archive.sana.sy\/es\/index.php?rest_route=%2Fwp%2Fv2%2Fcategories&post=22985"},{"taxonomy":"post_tag","embeddable":true,"href":"https:\/\/archive.sana.sy\/es\/index.php?rest_route=%2Fwp%2Fv2%2Ftags&post=22985"}],"curies":[{"name":"wp","href":"https:\/\/api.w.org\/{rel}","templated":true}]}}