{"id":229870,"date":"2022-04-21T09:36:01","date_gmt":"2022-04-21T06:36:01","guid":{"rendered":"http:\/\/107.6.182.27\/es\/?p=229870"},"modified":"2023-01-10T16:20:13","modified_gmt":"2023-01-10T14:20:13","slug":"parlamento-europeo-la-desinformacion-de-los-medios-occidentales-sobre-rusia-es-similar-a-la-que-hicieron-sobre-siria","status":"publish","type":"post","link":"https:\/\/archive.sana.sy\/es\/?p=229870","title":{"rendered":"Parlamentario Europeo: La desinformaci\u00f3n de los medios occidentales sobre Rusia es similar a la que hicieron sobre Siria"},"content":{"rendered":"<p style=\"text-align: justify;\"><strong>Praga, 21 abr (SANA)<\/strong> El miembro del Parlamento Europeo por Rep\u00fablica Checa, Ivan David, dijo hoy que la campa\u00f1a de mentiras y propaganda que llevan a cabo los medios occidentales contra Rusia es id\u00e9ntica a la que llevaron a cabo contra Siria.<\/p>\n<p style=\"text-align: justify;\">En un art\u00edculo publicado en su p\u00e1gina de Facebook, David dijo que estos medios no hicieron eco ninguno a lo que el gobierno y los medios sirios dec\u00edan sobre la realidad de la situaci\u00f3n, y lo mismo sucede hoy contra Rusia.<\/p>\n<p style=\"text-align: justify;\">&#8220;Todo lo que dicen los funcionarios o medios rusos se difunde como propaganda y solo se promueven las acusaciones destinadas a servir a los objetivos e intereses occidentales&#8221;, detall\u00f3 el eurodiputado.<\/p>\n<p style=\"text-align: justify;\">David se\u00f1al\u00f3 que esta tergiversaci\u00f3n medi\u00e1tica, actualmente en Rusia y antes en Siria, tiene como objetivo justificar la imposici\u00f3n de sanciones coercitivas y trabajar para sabotear las econom\u00edas rusa y siria.<\/p>\n<p style=\"text-align: justify;\"><em><strong>fm\/ws<\/strong><\/em><\/p>\n","protected":false},"excerpt":{"rendered":"<p>Praga, 21 abr (SANA) El miembro del Parlamento Europeo por Rep\u00fablica Checa, Ivan David, dijo hoy que la campa\u00f1a de mentiras y propaganda que llevan a cabo los medios occidentales contra Rusia es id\u00e9ntica a la que llevaron a cabo contra Siria. En un art\u00edculo publicado en su p\u00e1gina de Facebook, David dijo que estos &hellip;<\/p>\n","protected":false},"author":35,"featured_media":229871,"comment_status":"closed","ping_status":"closed","sticky":false,"template":"","format":"standard","meta":{"footnotes":""},"categories":[597,456,457,7541],"tags":[],"class_list":["post-229870","post","type-post","status-publish","format-standard","has-post-thumbnail","","category-cinta-de-noticias","category-arabe-internacional-politica","category-noticias-arabe-internacional-politica","category-ultimas-noticias"],"_links":{"self":[{"href":"https:\/\/archive.sana.sy\/es\/index.php?rest_route=\/wp\/v2\/posts\/229870"}],"collection":[{"href":"https:\/\/archive.sana.sy\/es\/index.php?rest_route=\/wp\/v2\/posts"}],"about":[{"href":"https:\/\/archive.sana.sy\/es\/index.php?rest_route=\/wp\/v2\/types\/post"}],"author":[{"embeddable":true,"href":"https:\/\/archive.sana.sy\/es\/index.php?rest_route=\/wp\/v2\/users\/35"}],"replies":[{"embeddable":true,"href":"https:\/\/archive.sana.sy\/es\/index.php?rest_route=%2Fwp%2Fv2%2Fcomments&post=229870"}],"version-history":[{"count":0,"href":"https:\/\/archive.sana.sy\/es\/index.php?rest_route=\/wp\/v2\/posts\/229870\/revisions"}],"wp:featuredmedia":[{"embeddable":true,"href":"https:\/\/archive.sana.sy\/es\/index.php?rest_route=\/wp\/v2\/media\/229871"}],"wp:attachment":[{"href":"https:\/\/archive.sana.sy\/es\/index.php?rest_route=%2Fwp%2Fv2%2Fmedia&parent=229870"}],"wp:term":[{"taxonomy":"category","embeddable":true,"href":"https:\/\/archive.sana.sy\/es\/index.php?rest_route=%2Fwp%2Fv2%2Fcategories&post=229870"},{"taxonomy":"post_tag","embeddable":true,"href":"https:\/\/archive.sana.sy\/es\/index.php?rest_route=%2Fwp%2Fv2%2Ftags&post=229870"}],"curies":[{"name":"wp","href":"https:\/\/api.w.org\/{rel}","templated":true}]}}