{"id":229903,"date":"2022-04-21T12:23:19","date_gmt":"2022-04-21T09:23:19","guid":{"rendered":"http:\/\/107.6.182.27\/es\/?p=229903"},"modified":"2022-04-21T12:23:19","modified_gmt":"2022-04-21T09:23:19","slug":"danos-materiales-por-explosion-de-una-bomba-colocada-en-un-coche-cerca-de-damasco","status":"publish","type":"post","link":"https:\/\/archive.sana.sy\/es\/?p=229903","title":{"rendered":"Da\u00f1os materiales por explosi\u00f3n de una bomba colocada en un coche cerca de Damasco"},"content":{"rendered":"<p><strong>Damasco, 21 abr (SANA)\u00a0<\/strong> Una bomba colocada en un coche privado estall\u00f3 hoy cerca de Damasco y caus\u00f3 da\u00f1os materiales.<\/p>\n<p>El incidente ocurri\u00f3, seg\u00fan inform\u00f3 el corresponsal de SANA, en el suburbio al-Wurud al noroeste de Damasco.<\/p>\n<p>Agreg\u00f3 que el artefacto explosivo fue colocado en un coche privado y que los da\u00f1os fueron s\u00f3lo materiales.<\/p>\n<p><em><strong>fm\/ws<\/strong><\/em><\/p>\n","protected":false},"excerpt":{"rendered":"<p>Damasco, 21 abr (SANA)\u00a0 Una bomba colocada en un coche privado estall\u00f3 hoy cerca de Damasco y caus\u00f3 da\u00f1os materiales. El incidente ocurri\u00f3, seg\u00fan inform\u00f3 el corresponsal de SANA, en el suburbio al-Wurud al noroeste de Damasco. Agreg\u00f3 que el artefacto explosivo fue colocado en un coche privado y que los da\u00f1os fueron s\u00f3lo materiales. &hellip;<\/p>\n","protected":false},"author":35,"featured_media":229904,"comment_status":"closed","ping_status":"closed","sticky":false,"template":"","format":"standard","meta":{"footnotes":""},"categories":[447,477,597,456,476,457,7541],"tags":[],"class_list":["post-229903","post","type-post","status-publish","format-standard","has-post-thumbnail","","category-local-politica","category-noticias-edulcorantes","category-cinta-de-noticias","category-arabe-internacional-politica","category-locales","category-noticias-arabe-internacional-politica","category-ultimas-noticias"],"_links":{"self":[{"href":"https:\/\/archive.sana.sy\/es\/index.php?rest_route=\/wp\/v2\/posts\/229903"}],"collection":[{"href":"https:\/\/archive.sana.sy\/es\/index.php?rest_route=\/wp\/v2\/posts"}],"about":[{"href":"https:\/\/archive.sana.sy\/es\/index.php?rest_route=\/wp\/v2\/types\/post"}],"author":[{"embeddable":true,"href":"https:\/\/archive.sana.sy\/es\/index.php?rest_route=\/wp\/v2\/users\/35"}],"replies":[{"embeddable":true,"href":"https:\/\/archive.sana.sy\/es\/index.php?rest_route=%2Fwp%2Fv2%2Fcomments&post=229903"}],"version-history":[{"count":0,"href":"https:\/\/archive.sana.sy\/es\/index.php?rest_route=\/wp\/v2\/posts\/229903\/revisions"}],"wp:featuredmedia":[{"embeddable":true,"href":"https:\/\/archive.sana.sy\/es\/index.php?rest_route=\/wp\/v2\/media\/229904"}],"wp:attachment":[{"href":"https:\/\/archive.sana.sy\/es\/index.php?rest_route=%2Fwp%2Fv2%2Fmedia&parent=229903"}],"wp:term":[{"taxonomy":"category","embeddable":true,"href":"https:\/\/archive.sana.sy\/es\/index.php?rest_route=%2Fwp%2Fv2%2Fcategories&post=229903"},{"taxonomy":"post_tag","embeddable":true,"href":"https:\/\/archive.sana.sy\/es\/index.php?rest_route=%2Fwp%2Fv2%2Ftags&post=229903"}],"curies":[{"name":"wp","href":"https:\/\/api.w.org\/{rel}","templated":true}]}}