{"id":229944,"date":"2022-04-21T17:27:45","date_gmt":"2022-04-21T14:27:45","guid":{"rendered":"http:\/\/107.6.182.27\/es\/?p=229944"},"modified":"2023-01-10T16:20:08","modified_gmt":"2023-01-10T14:20:08","slug":"theofilos-iii-limitar-el-numero-de-fieles-en-la-iglesia-de-natividad-viola-el-derecho-internacional","status":"publish","type":"post","link":"https:\/\/archive.sana.sy\/es\/?p=229944","title":{"rendered":"The\u00f3filos III: limitar el n\u00famero de fieles en la Iglesia de Natividad viola el derecho internacional"},"content":{"rendered":"<p style=\"text-align: justify;\"><strong>Jerusal\u00e9n ocupada, SANA\u00a0<\/strong>El patriarca de los rum\u00edes ortodoxos en Tierra Santa, The\u00f3filos III afirm\u00f3 que la decisi\u00f3n de las autoridades de ocupaci\u00f3n israel\u00edes de limitar el n\u00famero de fieles en la Iglesia de Natividad en la ciudad ocupada de Jerusal\u00e9n es una violaci\u00f3n del derecho internacional.<\/p>\n<p style=\"text-align: justify;\">En declaraciones a la agencia palestina Wafa, el patriarca dej\u00f3 patente que las restricciones de las tropas de ocupaci\u00f3n a los feligreses para el S\u00e1bado de Luces impedir\u00e1 a decenas de miles de fieles de practicar su derecho natural avalado por las legislaciones internacionales a practicar sus ritos religiosos libremente.<\/p>\n<p style=\"text-align: justify;\">Su beatitud explic\u00f3 que las violaciones de la ocupaci\u00f3n contra los santuarios isl\u00e1micos y cristianos violan el estatus jur\u00eddico e hist\u00f3rico en Jerusal\u00e9n y pretenden vaciar de palestinos a la ciudad.<\/p>\n<p style=\"text-align: justify;\">En el mismo contexto, el Consejo de la Comunidad Ortodoxa en Nazaret en los territorios palestinos ocupados en 1948 conden\u00f3 la decisi\u00f3n de las autoridades de ocupaci\u00f3n israel\u00edes de imponer restricciones a la iglesia de Natividad para el S\u00e1bado de Luces lo cual impedir\u00e1 que miles de feligreses accedan al recinto.<\/p>\n<p style=\"text-align: justify;\">&#8220;No tiene fundamento la decisi\u00f3n de limitar el n\u00famero de fieles que pueden acceder a la Iglesia de Natividad, a menos que el prop\u00f3sito sea estrangular la iglesia y la poblaci\u00f3n de Jerusal\u00e9n ocupada&#8221;, agreg\u00f3.<\/p>\n<p style=\"text-align: justify;\"><em><strong>rsh\/ah<\/strong><\/em><\/p>\n","protected":false},"excerpt":{"rendered":"<p>Jerusal\u00e9n ocupada, SANA\u00a0El patriarca de los rum\u00edes ortodoxos en Tierra Santa, The\u00f3filos III afirm\u00f3 que la decisi\u00f3n de las autoridades de ocupaci\u00f3n israel\u00edes de limitar el n\u00famero de fieles en la Iglesia de Natividad en la ciudad ocupada de Jerusal\u00e9n es una violaci\u00f3n del derecho internacional. En declaraciones a la agencia palestina Wafa, el patriarca &hellip;<\/p>\n","protected":false},"author":30,"featured_media":229945,"comment_status":"closed","ping_status":"closed","sticky":false,"template":"","format":"standard","meta":{"footnotes":""},"categories":[597,456],"tags":[],"class_list":["post-229944","post","type-post","status-publish","format-standard","has-post-thumbnail","","category-cinta-de-noticias","category-arabe-internacional-politica"],"_links":{"self":[{"href":"https:\/\/archive.sana.sy\/es\/index.php?rest_route=\/wp\/v2\/posts\/229944"}],"collection":[{"href":"https:\/\/archive.sana.sy\/es\/index.php?rest_route=\/wp\/v2\/posts"}],"about":[{"href":"https:\/\/archive.sana.sy\/es\/index.php?rest_route=\/wp\/v2\/types\/post"}],"author":[{"embeddable":true,"href":"https:\/\/archive.sana.sy\/es\/index.php?rest_route=\/wp\/v2\/users\/30"}],"replies":[{"embeddable":true,"href":"https:\/\/archive.sana.sy\/es\/index.php?rest_route=%2Fwp%2Fv2%2Fcomments&post=229944"}],"version-history":[{"count":0,"href":"https:\/\/archive.sana.sy\/es\/index.php?rest_route=\/wp\/v2\/posts\/229944\/revisions"}],"wp:featuredmedia":[{"embeddable":true,"href":"https:\/\/archive.sana.sy\/es\/index.php?rest_route=\/wp\/v2\/media\/229945"}],"wp:attachment":[{"href":"https:\/\/archive.sana.sy\/es\/index.php?rest_route=%2Fwp%2Fv2%2Fmedia&parent=229944"}],"wp:term":[{"taxonomy":"category","embeddable":true,"href":"https:\/\/archive.sana.sy\/es\/index.php?rest_route=%2Fwp%2Fv2%2Fcategories&post=229944"},{"taxonomy":"post_tag","embeddable":true,"href":"https:\/\/archive.sana.sy\/es\/index.php?rest_route=%2Fwp%2Fv2%2Ftags&post=229944"}],"curies":[{"name":"wp","href":"https:\/\/api.w.org\/{rel}","templated":true}]}}