{"id":230079,"date":"2022-04-22T12:37:31","date_gmt":"2022-04-22T09:37:31","guid":{"rendered":"http:\/\/107.6.182.27\/es\/?p=230079"},"modified":"2023-01-10T16:20:02","modified_gmt":"2023-01-10T14:20:02","slug":"fuerzas-de-seguridad-rusas-frustran-ataque-terrorista-ucraniano-contra-convoy-humanitario-ruso","status":"publish","type":"post","link":"https:\/\/archive.sana.sy\/es\/?p=230079","title":{"rendered":"Fuerzas de Seguridad rusas frustran ataque terrorista ucraniano contra convoy humanitario ruso"},"content":{"rendered":"<p style=\"text-align: justify;\"><span style=\"color: #800000;\"><strong>Mosc\u00fa, 22 abr (SANA) <\/strong><\/span>El Cuerpo de Seguridad Federal de Rusia frustr\u00f3 un ataque terrorista preparado por saboteadores ucranianos contra un convoy humanitario ruso mediante el uso de un coche bomba.<\/p>\n<p style=\"text-align: justify;\">\u201cDurante una operaci\u00f3n militar especial para eliminar a los ultranacionalistas de Ucrania, las fuerzas rusas frustraron las actividades de un grupo terrorista ucraniano, que se estaba preparando, siguiendo las instrucciones de la Inteligencia ucraniana, para llevar levar a cabo un ataque terrorista contra un convoy humanitario ruso y personal militar de la Federaci\u00f3n Rusa mediante un coche bomba\u201d, inform\u00f3 la agencia de noticias TASS citando al Centro de Relaciones P\u00fablicas del Cuerpo.<\/p>\n<p style=\"text-align: justify;\">El Cuerpo indic\u00f3 que durante el proceso de frustraci\u00f3n del ataque fueron incautados sistemas port\u00e1tiles de defensa antia\u00e9rea Igla, tres lanzagranadas RPG8, un mortero, armas y municiones.<\/p>\n<p>sm<\/p>\n","protected":false},"excerpt":{"rendered":"<p>Mosc\u00fa, 22 abr (SANA) El Cuerpo de Seguridad Federal de Rusia frustr\u00f3 un ataque terrorista preparado por saboteadores ucranianos contra un convoy humanitario ruso mediante el uso de un coche bomba. \u201cDurante una operaci\u00f3n militar especial para eliminar a los ultranacionalistas de Ucrania, las fuerzas rusas frustraron las actividades de un grupo terrorista ucraniano, que &hellip;<\/p>\n","protected":false},"author":39,"featured_media":230080,"comment_status":"closed","ping_status":"closed","sticky":false,"template":"","format":"standard","meta":{"footnotes":""},"categories":[597,456,7541],"tags":[],"class_list":["post-230079","post","type-post","status-publish","format-standard","has-post-thumbnail","","category-cinta-de-noticias","category-arabe-internacional-politica","category-ultimas-noticias"],"_links":{"self":[{"href":"https:\/\/archive.sana.sy\/es\/index.php?rest_route=\/wp\/v2\/posts\/230079"}],"collection":[{"href":"https:\/\/archive.sana.sy\/es\/index.php?rest_route=\/wp\/v2\/posts"}],"about":[{"href":"https:\/\/archive.sana.sy\/es\/index.php?rest_route=\/wp\/v2\/types\/post"}],"author":[{"embeddable":true,"href":"https:\/\/archive.sana.sy\/es\/index.php?rest_route=\/wp\/v2\/users\/39"}],"replies":[{"embeddable":true,"href":"https:\/\/archive.sana.sy\/es\/index.php?rest_route=%2Fwp%2Fv2%2Fcomments&post=230079"}],"version-history":[{"count":0,"href":"https:\/\/archive.sana.sy\/es\/index.php?rest_route=\/wp\/v2\/posts\/230079\/revisions"}],"wp:featuredmedia":[{"embeddable":true,"href":"https:\/\/archive.sana.sy\/es\/index.php?rest_route=\/wp\/v2\/media\/230080"}],"wp:attachment":[{"href":"https:\/\/archive.sana.sy\/es\/index.php?rest_route=%2Fwp%2Fv2%2Fmedia&parent=230079"}],"wp:term":[{"taxonomy":"category","embeddable":true,"href":"https:\/\/archive.sana.sy\/es\/index.php?rest_route=%2Fwp%2Fv2%2Fcategories&post=230079"},{"taxonomy":"post_tag","embeddable":true,"href":"https:\/\/archive.sana.sy\/es\/index.php?rest_route=%2Fwp%2Fv2%2Ftags&post=230079"}],"curies":[{"name":"wp","href":"https:\/\/api.w.org\/{rel}","templated":true}]}}