{"id":230097,"date":"2022-04-22T17:55:01","date_gmt":"2022-04-22T14:55:01","guid":{"rendered":"http:\/\/107.6.182.27\/es\/?p=230097"},"modified":"2022-04-22T18:04:29","modified_gmt":"2022-04-22T15:04:29","slug":"siria-niega-cualquier-tipo-de-contactos-con-el-gobierno-turco-que-lo-describio-de-terrorista","status":"publish","type":"post","link":"https:\/\/archive.sana.sy\/es\/?p=230097","title":{"rendered":"Siria niega cualquier tipo de contactos con el gobierno turco que lo describi\u00f3 de terrorista"},"content":{"rendered":"<p style=\"text-align: justify;\"><span style=\"color: #800000;\"><strong>Damasco, 22 abr (SANA)<\/strong> \u00a0<\/span>Siria reiter\u00f3 hoy que no hay contactos con el r\u00e9gimen turco como alegan algunos de sus funcionarios, y consider\u00f3 que \u201cno puede haber cooperaci\u00f3n en el campo de la lucha contra el terrorismo con un r\u00e9gimen terrorista que apoya, entrena y difunde el terrorismo en la regi\u00f3n y el mundo\u201d.<\/p>\n<p style=\"text-align: justify;\">\u201cCoincidiendo con los brutales ataques lanzados por las fuerzas del r\u00e9gimen de Erdogan y sus grupos terroristas contra los ciudadanos en el norte de Siria, este r\u00e9gimen est\u00e1 tratando, como de costumbre, publicar noticias fabricadas en las que alega la existencia de contactos de alto nivel con el gobierno sirio, sea a nivel pol\u00edtico o de seguridad\u201d, inform\u00f3 el Ministerio de Exteriores y Expatriados de Siria por medio de un comunicado.<\/p>\n<p style=\"text-align: justify;\">La nota agreg\u00f3 que &#8220;la \u00faltima de estas mentiras fue pronunciada por el canciller turco quien habl\u00f3 sobre la posibilidad de cooperar con Siria en la lucha contra el terrorismo\u201d.<\/p>\n<p style=\"text-align: justify;\">\u201cEllo confirma que este r\u00e9gimen est\u00e1 desconectado de la realidad y la plaga de la mentira e hipocres\u00eda no solo afect\u00f3 a Erdogan sino a todos los funcionarios de su r\u00e9gimen\u201d, detall\u00f3.<\/p>\n<p style=\"text-align: justify;\">El Ministerio neg\u00f3 por completo todas estas declaraciones y noticias y las consider\u00f3 una especie de delirio pol\u00edtico de Ankara, y reafirm\u00f3 que anunciar\u00e1 de manera transparente cualquier cooperaci\u00f3n si se produce con alguna de las partes.<\/p>\n<p style=\"text-align: justify;\">Concluy\u00f3 con subrayar que Siria no puede cooperar en la lucha contra el terrorismo con un r\u00e9gimen terrorista que apoya, entrena y difunde el terrorismo en la regi\u00f3n y el mundo.<\/p>\n<p style=\"text-align: justify;\">fm\/sm<\/p>\n","protected":false},"excerpt":{"rendered":"<p>Damasco, 22 abr (SANA) \u00a0Siria reiter\u00f3 hoy que no hay contactos con el r\u00e9gimen turco como alegan algunos de sus funcionarios, y consider\u00f3 que \u201cno puede haber cooperaci\u00f3n en el campo de la lucha contra el terrorismo con un r\u00e9gimen terrorista que apoya, entrena y difunde el terrorismo en la regi\u00f3n y el mundo\u201d. \u201cCoincidiendo &hellip;<\/p>\n","protected":false},"author":39,"featured_media":230103,"comment_status":"closed","ping_status":"closed","sticky":false,"template":"","format":"standard","meta":{"footnotes":""},"categories":[597,476,457,583],"tags":[],"class_list":["post-230097","post","type-post","status-publish","format-standard","has-post-thumbnail","","category-cinta-de-noticias","category-locales","category-noticias-arabe-internacional-politica","category-slide"],"_links":{"self":[{"href":"https:\/\/archive.sana.sy\/es\/index.php?rest_route=\/wp\/v2\/posts\/230097"}],"collection":[{"href":"https:\/\/archive.sana.sy\/es\/index.php?rest_route=\/wp\/v2\/posts"}],"about":[{"href":"https:\/\/archive.sana.sy\/es\/index.php?rest_route=\/wp\/v2\/types\/post"}],"author":[{"embeddable":true,"href":"https:\/\/archive.sana.sy\/es\/index.php?rest_route=\/wp\/v2\/users\/39"}],"replies":[{"embeddable":true,"href":"https:\/\/archive.sana.sy\/es\/index.php?rest_route=%2Fwp%2Fv2%2Fcomments&post=230097"}],"version-history":[{"count":0,"href":"https:\/\/archive.sana.sy\/es\/index.php?rest_route=\/wp\/v2\/posts\/230097\/revisions"}],"wp:featuredmedia":[{"embeddable":true,"href":"https:\/\/archive.sana.sy\/es\/index.php?rest_route=\/wp\/v2\/media\/230103"}],"wp:attachment":[{"href":"https:\/\/archive.sana.sy\/es\/index.php?rest_route=%2Fwp%2Fv2%2Fmedia&parent=230097"}],"wp:term":[{"taxonomy":"category","embeddable":true,"href":"https:\/\/archive.sana.sy\/es\/index.php?rest_route=%2Fwp%2Fv2%2Fcategories&post=230097"},{"taxonomy":"post_tag","embeddable":true,"href":"https:\/\/archive.sana.sy\/es\/index.php?rest_route=%2Fwp%2Fv2%2Ftags&post=230097"}],"curies":[{"name":"wp","href":"https:\/\/api.w.org\/{rel}","templated":true}]}}