{"id":23010,"date":"2015-05-10T18:21:53","date_gmt":"2015-05-10T15:21:53","guid":{"rendered":"http:\/\/sana.sy\/es\/?p=23010"},"modified":"2015-05-10T20:22:59","modified_gmt":"2015-05-10T17:22:59","slug":"davutoglu-se-cuela-en-territorio-sirio-con-el-pretexto-de-visitar-al-sepulcro-de-sulieman-sha","status":"publish","type":"post","link":"https:\/\/archive.sana.sy\/es\/?p=23010","title":{"rendered":"Davutoglu se cuela en territorio sirio con el pretexto de visitar al sepulcro de Sulieman Sha"},"content":{"rendered":"<p>Ankara-SANA<\/p>\n<p>El presidente del Gobierno turco Ahmad Davutoglu se col\u00f3 en los territorios sirios con el pretexto de visitar al nuevo\u00a0 sepulcro de Sulieman Sha, ubicado cerca de la frontera sirio-turca.<\/p>\n<p>Esta acci\u00f3n del primer ministro turco sin consentimiento del gobierno sirio, constituye una clara\u00a0 agresi\u00f3n contra un estado soberano y miembro de la Organizaci\u00f3n de las Naciones Unidas as\u00ed como una flagrante violaci\u00f3n de las leyes y convenios internacionales y la carta de la ONU.<\/p>\n<p>Yamil K.<\/p>\n","protected":false},"excerpt":{"rendered":"<p>Ankara-SANA El presidente del Gobierno turco Ahmad Davutoglu se col\u00f3 en los territorios sirios con el pretexto de visitar al nuevo\u00a0 sepulcro de Sulieman Sha, ubicado cerca de la frontera sirio-turca. Esta acci\u00f3n del primer ministro turco sin consentimiento del gobierno sirio, constituye una clara\u00a0 agresi\u00f3n contra un estado soberano y miembro de la Organizaci\u00f3n &hellip;<\/p>\n","protected":false},"author":1,"featured_media":23011,"comment_status":"closed","ping_status":"closed","sticky":false,"template":"","format":"standard","meta":{"footnotes":""},"categories":[456,457,576],"tags":[],"class_list":["post-23010","post","type-post","status-publish","format-standard","has-post-thumbnail","","category-arabe-internacional-politica","category-noticias-arabe-internacional-politica","category-noticias-politicas"],"_links":{"self":[{"href":"https:\/\/archive.sana.sy\/es\/index.php?rest_route=\/wp\/v2\/posts\/23010"}],"collection":[{"href":"https:\/\/archive.sana.sy\/es\/index.php?rest_route=\/wp\/v2\/posts"}],"about":[{"href":"https:\/\/archive.sana.sy\/es\/index.php?rest_route=\/wp\/v2\/types\/post"}],"author":[{"embeddable":true,"href":"https:\/\/archive.sana.sy\/es\/index.php?rest_route=\/wp\/v2\/users\/1"}],"replies":[{"embeddable":true,"href":"https:\/\/archive.sana.sy\/es\/index.php?rest_route=%2Fwp%2Fv2%2Fcomments&post=23010"}],"version-history":[{"count":0,"href":"https:\/\/archive.sana.sy\/es\/index.php?rest_route=\/wp\/v2\/posts\/23010\/revisions"}],"wp:featuredmedia":[{"embeddable":true,"href":"https:\/\/archive.sana.sy\/es\/index.php?rest_route=\/wp\/v2\/media\/23011"}],"wp:attachment":[{"href":"https:\/\/archive.sana.sy\/es\/index.php?rest_route=%2Fwp%2Fv2%2Fmedia&parent=23010"}],"wp:term":[{"taxonomy":"category","embeddable":true,"href":"https:\/\/archive.sana.sy\/es\/index.php?rest_route=%2Fwp%2Fv2%2Fcategories&post=23010"},{"taxonomy":"post_tag","embeddable":true,"href":"https:\/\/archive.sana.sy\/es\/index.php?rest_route=%2Fwp%2Fv2%2Ftags&post=23010"}],"curies":[{"name":"wp","href":"https:\/\/api.w.org\/{rel}","templated":true}]}}