{"id":230117,"date":"2022-04-22T18:50:25","date_gmt":"2022-04-22T15:50:25","guid":{"rendered":"http:\/\/107.6.182.27\/es\/?p=230117"},"modified":"2023-01-10T16:19:59","modified_gmt":"2023-01-10T14:19:59","slug":"moscu-mas-de-143-mil-residentes-de-mariupol-fueron-evacuados-y-1-800-militares-ucranianos-se-entregaron","status":"publish","type":"post","link":"https:\/\/archive.sana.sy\/es\/?p=230117","title":{"rendered":"Mosc\u00fa: m\u00e1s de 143 mil residentes de Mari\u00fapol fueron evacuados y 1.800 militares ucranianos se entregaron"},"content":{"rendered":"<p style=\"text-align: justify;\"><span style=\"color: #800000;\"><strong>Mosc\u00fa, 22 abr (SANA)\u00a0\u00a0<\/strong><\/span> El jefe del Centro de Gesti\u00f3n de la Defensa Nacional de Rusia, el teniente general Mikhail Mizintsev, anunci\u00f3 que m\u00e1s de 143.000 residentes de Mari\u00fapol y 341 extranjeros han sido evacuados, mientras 1.800 soldados ucranianos se rindieron a las fuerzas rusas.<\/p>\n<p style=\"text-align: justify;\">\u201cGracias a las medidas tomadas, 143 mil 631 locales y 341 ciudadanos extranjeros fueron evacuados, as\u00ed como fueron capturados 1.844 efectivos de las Fuerzas Armadas de Ucrania, dijo el oficial durante una sesi\u00f3n informativa.<\/p>\n<p style=\"text-align: justify;\">Mizintsev explic\u00f3 que las mentiras occidentales difundidas durante todo el d\u00eda tienen como objetivo distorsionar las acciones de las fuerzas armadas rusas durante la operaci\u00f3n militar especial.<\/p>\n<p style=\"text-align: justify;\">fm\/sm<\/p>\n","protected":false},"excerpt":{"rendered":"<p>Mosc\u00fa, 22 abr (SANA)\u00a0\u00a0 El jefe del Centro de Gesti\u00f3n de la Defensa Nacional de Rusia, el teniente general Mikhail Mizintsev, anunci\u00f3 que m\u00e1s de 143.000 residentes de Mari\u00fapol y 341 extranjeros han sido evacuados, mientras 1.800 soldados ucranianos se rindieron a las fuerzas rusas. \u201cGracias a las medidas tomadas, 143 mil 631 locales y &hellip;<\/p>\n","protected":false},"author":39,"featured_media":230118,"comment_status":"closed","ping_status":"closed","sticky":false,"template":"","format":"standard","meta":{"footnotes":""},"categories":[597,456,7541],"tags":[],"class_list":["post-230117","post","type-post","status-publish","format-standard","has-post-thumbnail","","category-cinta-de-noticias","category-arabe-internacional-politica","category-ultimas-noticias"],"_links":{"self":[{"href":"https:\/\/archive.sana.sy\/es\/index.php?rest_route=\/wp\/v2\/posts\/230117"}],"collection":[{"href":"https:\/\/archive.sana.sy\/es\/index.php?rest_route=\/wp\/v2\/posts"}],"about":[{"href":"https:\/\/archive.sana.sy\/es\/index.php?rest_route=\/wp\/v2\/types\/post"}],"author":[{"embeddable":true,"href":"https:\/\/archive.sana.sy\/es\/index.php?rest_route=\/wp\/v2\/users\/39"}],"replies":[{"embeddable":true,"href":"https:\/\/archive.sana.sy\/es\/index.php?rest_route=%2Fwp%2Fv2%2Fcomments&post=230117"}],"version-history":[{"count":0,"href":"https:\/\/archive.sana.sy\/es\/index.php?rest_route=\/wp\/v2\/posts\/230117\/revisions"}],"wp:featuredmedia":[{"embeddable":true,"href":"https:\/\/archive.sana.sy\/es\/index.php?rest_route=\/wp\/v2\/media\/230118"}],"wp:attachment":[{"href":"https:\/\/archive.sana.sy\/es\/index.php?rest_route=%2Fwp%2Fv2%2Fmedia&parent=230117"}],"wp:term":[{"taxonomy":"category","embeddable":true,"href":"https:\/\/archive.sana.sy\/es\/index.php?rest_route=%2Fwp%2Fv2%2Fcategories&post=230117"},{"taxonomy":"post_tag","embeddable":true,"href":"https:\/\/archive.sana.sy\/es\/index.php?rest_route=%2Fwp%2Fv2%2Ftags&post=230117"}],"curies":[{"name":"wp","href":"https:\/\/api.w.org\/{rel}","templated":true}]}}