{"id":23013,"date":"2015-05-10T20:24:02","date_gmt":"2015-05-10T17:24:02","guid":{"rendered":"http:\/\/sana.sy\/es\/?p=23013"},"modified":"2015-05-10T20:24:02","modified_gmt":"2015-05-10T17:24:02","slug":"heridos-los-corresponsales-del-centro-de-noticias-y-del-canal-al-ikhbarieh-en-yesser-shoughour","status":"publish","type":"post","link":"https:\/\/archive.sana.sy\/es\/?p=23013","title":{"rendered":"Heridos los corresponsales del Centro de Noticias y del canal Al-Ikhbarieh en Yesser Shoughour"},"content":{"rendered":"<p>Idleb-SANA<\/p>\n<p>Los corresponsales del Centro de Noticias Yaafar Yunes y del canal Al-Ikhbarieh Abdo Zamam resultaron heridos hoy, al atacar terroristas un convoy medi\u00e1tico que cubr\u00eda las operaciones militares del ej\u00e9rcito sirio\u00a0 en Yesser Shoughour.<\/p>\n<p>Los terroristas lanzaron un proyectil de mortero que impact\u00f3 cerca del lugar donde se encontraban los corresponsales de varias cadenas televisivas cerca de la f\u00e1brica de Az\u00facar, hecho que provoc\u00f3 lesiones a Yunes y Zamam.<\/p>\n<p>Yamil K.<\/p>\n","protected":false},"excerpt":{"rendered":"<p>Idleb-SANA Los corresponsales del Centro de Noticias Yaafar Yunes y del canal Al-Ikhbarieh Abdo Zamam resultaron heridos hoy, al atacar terroristas un convoy medi\u00e1tico que cubr\u00eda las operaciones militares del ej\u00e9rcito sirio\u00a0 en Yesser Shoughour. Los terroristas lanzaron un proyectil de mortero que impact\u00f3 cerca del lugar donde se encontraban los corresponsales de varias cadenas &hellip;<\/p>\n","protected":false},"author":1,"featured_media":0,"comment_status":"closed","ping_status":"closed","sticky":false,"template":"","format":"standard","meta":{"footnotes":""},"categories":[1],"tags":[],"class_list":["post-23013","post","type-post","status-publish","format-standard","","category-news-not-sorted"],"_links":{"self":[{"href":"https:\/\/archive.sana.sy\/es\/index.php?rest_route=\/wp\/v2\/posts\/23013"}],"collection":[{"href":"https:\/\/archive.sana.sy\/es\/index.php?rest_route=\/wp\/v2\/posts"}],"about":[{"href":"https:\/\/archive.sana.sy\/es\/index.php?rest_route=\/wp\/v2\/types\/post"}],"author":[{"embeddable":true,"href":"https:\/\/archive.sana.sy\/es\/index.php?rest_route=\/wp\/v2\/users\/1"}],"replies":[{"embeddable":true,"href":"https:\/\/archive.sana.sy\/es\/index.php?rest_route=%2Fwp%2Fv2%2Fcomments&post=23013"}],"version-history":[{"count":0,"href":"https:\/\/archive.sana.sy\/es\/index.php?rest_route=\/wp\/v2\/posts\/23013\/revisions"}],"wp:attachment":[{"href":"https:\/\/archive.sana.sy\/es\/index.php?rest_route=%2Fwp%2Fv2%2Fmedia&parent=23013"}],"wp:term":[{"taxonomy":"category","embeddable":true,"href":"https:\/\/archive.sana.sy\/es\/index.php?rest_route=%2Fwp%2Fv2%2Fcategories&post=23013"},{"taxonomy":"post_tag","embeddable":true,"href":"https:\/\/archive.sana.sy\/es\/index.php?rest_route=%2Fwp%2Fv2%2Ftags&post=23013"}],"curies":[{"name":"wp","href":"https:\/\/api.w.org\/{rel}","templated":true}]}}