{"id":230190,"date":"2022-04-23T07:40:53","date_gmt":"2022-04-23T04:40:53","guid":{"rendered":"http:\/\/107.6.182.27\/es\/?p=230190"},"modified":"2023-01-10T16:19:59","modified_gmt":"2023-01-10T14:19:59","slug":"la-vida-comienza-a-volver-a-la-normalidad-en-mariupol-afirma-defensa-rusa","status":"publish","type":"post","link":"https:\/\/archive.sana.sy\/es\/?p=230190","title":{"rendered":"La vida comienza a volver a la normalidad en Mari\u00fapol, afirma Defensa rusa"},"content":{"rendered":"<p style=\"text-align: justify;\"><span style=\"color: #800000;\"><strong>Mosc\u00fa, 23 abr (SANA)<\/strong><\/span> El Ministerio de Defensa ruso anunci\u00f3 que la vida ha comenzado a volver a la normalidad en la ciudad de Mari\u00fapol, e indic\u00f3 que los residentes ya pueden moverse libremente en la urbe.<\/p>\n<p style=\"text-align: justify;\">&#8220;La situaci\u00f3n en Mari\u00fapol ha vuelto a la normalidad y los residentes pueden moverse libremente por las calles sin esconderse de los bombardeos de los nazis ucranianos&#8221;, dijo hoy el portavoz del Ministerio de Defensa ruso, el mayor general Igor Konashenkov.<\/p>\n<p style=\"text-align: justify;\">Agreg\u00f3 que se est\u00e1 enviando ayuda humanitaria a la ciudad, incluidos alimentos, agua y suministros b\u00e1sicos, y que las autoridades de la Rep\u00fablica Popular de Donetsk est\u00e1n limpiando las calles de los equipos militares ucranianos destruidos.<\/p>\n<p style=\"text-align: justify;\">fm\/sm<\/p>\n","protected":false},"excerpt":{"rendered":"<p>Mosc\u00fa, 23 abr (SANA) El Ministerio de Defensa ruso anunci\u00f3 que la vida ha comenzado a volver a la normalidad en la ciudad de Mari\u00fapol, e indic\u00f3 que los residentes ya pueden moverse libremente en la urbe. &#8220;La situaci\u00f3n en Mari\u00fapol ha vuelto a la normalidad y los residentes pueden moverse libremente por las calles &hellip;<\/p>\n","protected":false},"author":39,"featured_media":230191,"comment_status":"closed","ping_status":"closed","sticky":false,"template":"","format":"standard","meta":{"footnotes":""},"categories":[597,456,7541],"tags":[],"class_list":["post-230190","post","type-post","status-publish","format-standard","has-post-thumbnail","","category-cinta-de-noticias","category-arabe-internacional-politica","category-ultimas-noticias"],"_links":{"self":[{"href":"https:\/\/archive.sana.sy\/es\/index.php?rest_route=\/wp\/v2\/posts\/230190"}],"collection":[{"href":"https:\/\/archive.sana.sy\/es\/index.php?rest_route=\/wp\/v2\/posts"}],"about":[{"href":"https:\/\/archive.sana.sy\/es\/index.php?rest_route=\/wp\/v2\/types\/post"}],"author":[{"embeddable":true,"href":"https:\/\/archive.sana.sy\/es\/index.php?rest_route=\/wp\/v2\/users\/39"}],"replies":[{"embeddable":true,"href":"https:\/\/archive.sana.sy\/es\/index.php?rest_route=%2Fwp%2Fv2%2Fcomments&post=230190"}],"version-history":[{"count":0,"href":"https:\/\/archive.sana.sy\/es\/index.php?rest_route=\/wp\/v2\/posts\/230190\/revisions"}],"wp:featuredmedia":[{"embeddable":true,"href":"https:\/\/archive.sana.sy\/es\/index.php?rest_route=\/wp\/v2\/media\/230191"}],"wp:attachment":[{"href":"https:\/\/archive.sana.sy\/es\/index.php?rest_route=%2Fwp%2Fv2%2Fmedia&parent=230190"}],"wp:term":[{"taxonomy":"category","embeddable":true,"href":"https:\/\/archive.sana.sy\/es\/index.php?rest_route=%2Fwp%2Fv2%2Fcategories&post=230190"},{"taxonomy":"post_tag","embeddable":true,"href":"https:\/\/archive.sana.sy\/es\/index.php?rest_route=%2Fwp%2Fv2%2Ftags&post=230190"}],"curies":[{"name":"wp","href":"https:\/\/api.w.org\/{rel}","templated":true}]}}