{"id":230202,"date":"2022-04-23T09:38:12","date_gmt":"2022-04-23T06:38:12","guid":{"rendered":"http:\/\/107.6.182.27\/es\/?p=230202"},"modified":"2023-01-10T16:19:59","modified_gmt":"2023-01-10T14:19:59","slug":"minuto-a-minuto58-dias-de-la-operacion-especial-rusa-en-ucrania","status":"publish","type":"post","link":"https:\/\/archive.sana.sy\/es\/?p=230202","title":{"rendered":"Minuto a Minuto\u202658 d\u00edas de la operaci\u00f3n especial rusa en Ucrania"},"content":{"rendered":"<p style=\"text-align: justify;\"><span style=\"color: #800000;\"><strong>Mosc\u00fa, 23 abr (SANA)<\/strong><\/span><\/p>\n<p style=\"text-align: justify;\"><strong>????????<span style=\"color: #0000ff;\">La vida comienza a volver a la normalidad en Mari\u00fapol, afirma Defensa rusa<\/span><\/strong><\/p>\n<p style=\"text-align: justify;\"><span style=\"color: #0000ff;\"><strong>????????Mosc\u00fa: m\u00e1s de 143 mil residentes de Mari\u00fapol fueron evacuados y 1.800 militares ucranianos se entregaron<\/strong><\/span><\/p>\n<p style=\"text-align: justify;\"><span style=\"color: #0000ff;\"><strong>????????Putin critica los l\u00edderes europeos por hacer caso omiso de los cr\u00edmenes ucranianos<\/strong><\/span><\/p>\n<p style=\"text-align: justify;\"><span style=\"color: #0000ff;\"><strong>????????Fuerzas rusas destruyen decenas de blancos de la infraestructura militar ucraniana<\/strong><\/span><\/p>\n<p style=\"text-align: justify;\"><span style=\"color: #0000ff;\"><strong>????????Putin aborda temas de cooperaci\u00f3n con los pa\u00edses de la ex Uni\u00f3n Sovi\u00e9tica<\/strong><\/span><\/p>\n<p style=\"text-align: justify;\"><span style=\"color: #0000ff;\"><strong>????????Ej\u00e9rcito ruso determina el objetivo de la segunda fase de su operaci\u00f3n en Ucrania<\/strong><\/span><\/p>\n<p style=\"text-align: justify;\"><span style=\"color: #0000ff;\"><strong>????Los comandantes nazis ejecutan a sus combatientes en la f\u00e1brica Azovstal por querer rendirse<\/strong><\/span><\/p>\n<p style=\"text-align: justify;\"><span style=\"color: #0000ff;\"><strong>????????Rusia califica de err\u00f3nea la decisi\u00f3n de suspender su membres\u00eda en la OEA<\/strong><\/span><\/p>\n<p style=\"text-align: justify;\"><span style=\"color: #0000ff;\"><strong>????????Rusia destruye con misiles Calibre un batall\u00f3n de personal enemigo con armas y equipo militar<\/strong><\/span><\/p>\n<p style=\"text-align: justify;\"><span style=\"color: #0000ff;\"><strong>????Alemania busca evitar un enfrentamiento directo entre la OTAN y Rusia, anuncia Scholz<\/strong><\/span><\/p>\n<p style=\"text-align: justify;\"><span style=\"color: #0000ff;\"><strong>????????Las fuerzas ucranianas mataron a unos 80 civiles desde febrero pasado, denuncia Donetsk<\/strong><\/span><\/p>\n<p style=\"text-align: justify;\"><span style=\"color: #0000ff;\"><strong>????????Lavrov: Kiev da la impresi\u00f3n de que no necesita en absoluto las negociaciones<\/strong><\/span><\/p>\n<p style=\"text-align: justify;\"><span style=\"color: #0000ff;\"><strong>????????Rusia insta al Consejo de Seguridad a presionar a Kiev para que abra corredores humanitarios mar\u00edtimos<\/strong><\/span><\/p>\n<p style=\"text-align: justify;\"><span style=\"color: #0000ff;\"><strong>????????Fuerzas de Seguridad rusas frustran ataque terrorista ucraniano contra convoy humanitario ruso<\/strong><\/span><\/p>\n<p style=\"text-align: justify;\">\n","protected":false},"excerpt":{"rendered":"<p>Mosc\u00fa, 23 abr (SANA) ????????La vida comienza a volver a la normalidad en Mari\u00fapol, afirma Defensa rusa ????????Mosc\u00fa: m\u00e1s de 143 mil residentes de Mari\u00fapol fueron evacuados y 1.800 militares ucranianos se entregaron ????????Putin critica los l\u00edderes europeos por hacer caso omiso de los cr\u00edmenes ucranianos ????????Fuerzas rusas destruyen decenas de blancos de la infraestructura &hellip;<\/p>\n","protected":false},"author":39,"featured_media":230205,"comment_status":"closed","ping_status":"closed","sticky":false,"template":"","format":"standard","meta":{"footnotes":""},"categories":[597,456],"tags":[],"class_list":["post-230202","post","type-post","status-publish","format-standard","has-post-thumbnail","","category-cinta-de-noticias","category-arabe-internacional-politica"],"_links":{"self":[{"href":"https:\/\/archive.sana.sy\/es\/index.php?rest_route=\/wp\/v2\/posts\/230202"}],"collection":[{"href":"https:\/\/archive.sana.sy\/es\/index.php?rest_route=\/wp\/v2\/posts"}],"about":[{"href":"https:\/\/archive.sana.sy\/es\/index.php?rest_route=\/wp\/v2\/types\/post"}],"author":[{"embeddable":true,"href":"https:\/\/archive.sana.sy\/es\/index.php?rest_route=\/wp\/v2\/users\/39"}],"replies":[{"embeddable":true,"href":"https:\/\/archive.sana.sy\/es\/index.php?rest_route=%2Fwp%2Fv2%2Fcomments&post=230202"}],"version-history":[{"count":0,"href":"https:\/\/archive.sana.sy\/es\/index.php?rest_route=\/wp\/v2\/posts\/230202\/revisions"}],"wp:featuredmedia":[{"embeddable":true,"href":"https:\/\/archive.sana.sy\/es\/index.php?rest_route=\/wp\/v2\/media\/230205"}],"wp:attachment":[{"href":"https:\/\/archive.sana.sy\/es\/index.php?rest_route=%2Fwp%2Fv2%2Fmedia&parent=230202"}],"wp:term":[{"taxonomy":"category","embeddable":true,"href":"https:\/\/archive.sana.sy\/es\/index.php?rest_route=%2Fwp%2Fv2%2Fcategories&post=230202"},{"taxonomy":"post_tag","embeddable":true,"href":"https:\/\/archive.sana.sy\/es\/index.php?rest_route=%2Fwp%2Fv2%2Ftags&post=230202"}],"curies":[{"name":"wp","href":"https:\/\/api.w.org\/{rel}","templated":true}]}}