{"id":230264,"date":"2022-04-23T18:05:29","date_gmt":"2022-04-23T15:05:29","guid":{"rendered":"http:\/\/107.6.182.27\/es\/?p=230264"},"modified":"2023-01-10T16:19:56","modified_gmt":"2023-01-10T14:19:56","slug":"las-fuerzas-ucranianas-bombardean-un-corredor-humanitario-para-evacuar-a-los-civiles-en-mariupol","status":"publish","type":"post","link":"https:\/\/archive.sana.sy\/es\/?p=230264","title":{"rendered":"Las fuerzas ucranianas bombardean un corredor humanitario para evacuar a los civiles en Mari\u00fapol"},"content":{"rendered":"<p style=\"text-align: justify;\"><span style=\"color: #800000;\"><strong>Donetsk, 23 abr (SANA)\u00a0<\/strong> <\/span>\u00a0Las fuerzas ucranianas sitiadas dentro de la f\u00e1brica Azovstal en la ciudad de Mari\u00fapol bombardearon a un corredor humanitario lo que frustr\u00f3 la evacuaci\u00f3n de un grupo de civiles.<\/p>\n<p style=\"text-align: justify;\">Las Fuerzas Populares de Donetsk informaron que &#8220;la parte rusa, en respuesta a la solicitud de la viceprimera ministra ucraniana Irina Vereshchuk, abrieron hoy un corredor humanitario y proporcion\u00f3 los medios de transporte para llevar a cabo la evacuaci\u00f3n de civiles de Mari\u00fapol.&#8221;<\/p>\n<p style=\"text-align: justify;\">Se\u00f1al\u00f3 que este proceso fue frustrado por los ultranacionalistas ucranianos que dispararon morteros desde el interior de la f\u00e1brica al lugar designado de reuni\u00f3n de los ciudadanos cerca del centro comercial Port City, causando heridas a un soldado.<\/p>\n<p style=\"text-align: justify;\">fm\/rr<\/p>\n","protected":false},"excerpt":{"rendered":"<p>Donetsk, 23 abr (SANA)\u00a0 \u00a0Las fuerzas ucranianas sitiadas dentro de la f\u00e1brica Azovstal en la ciudad de Mari\u00fapol bombardearon a un corredor humanitario lo que frustr\u00f3 la evacuaci\u00f3n de un grupo de civiles. Las Fuerzas Populares de Donetsk informaron que &#8220;la parte rusa, en respuesta a la solicitud de la viceprimera ministra ucraniana Irina Vereshchuk, &hellip;<\/p>\n","protected":false},"author":31,"featured_media":230265,"comment_status":"closed","ping_status":"closed","sticky":false,"template":"","format":"standard","meta":{"footnotes":""},"categories":[456],"tags":[],"class_list":["post-230264","post","type-post","status-publish","format-standard","has-post-thumbnail","","category-arabe-internacional-politica"],"_links":{"self":[{"href":"https:\/\/archive.sana.sy\/es\/index.php?rest_route=\/wp\/v2\/posts\/230264"}],"collection":[{"href":"https:\/\/archive.sana.sy\/es\/index.php?rest_route=\/wp\/v2\/posts"}],"about":[{"href":"https:\/\/archive.sana.sy\/es\/index.php?rest_route=\/wp\/v2\/types\/post"}],"author":[{"embeddable":true,"href":"https:\/\/archive.sana.sy\/es\/index.php?rest_route=\/wp\/v2\/users\/31"}],"replies":[{"embeddable":true,"href":"https:\/\/archive.sana.sy\/es\/index.php?rest_route=%2Fwp%2Fv2%2Fcomments&post=230264"}],"version-history":[{"count":0,"href":"https:\/\/archive.sana.sy\/es\/index.php?rest_route=\/wp\/v2\/posts\/230264\/revisions"}],"wp:featuredmedia":[{"embeddable":true,"href":"https:\/\/archive.sana.sy\/es\/index.php?rest_route=\/wp\/v2\/media\/230265"}],"wp:attachment":[{"href":"https:\/\/archive.sana.sy\/es\/index.php?rest_route=%2Fwp%2Fv2%2Fmedia&parent=230264"}],"wp:term":[{"taxonomy":"category","embeddable":true,"href":"https:\/\/archive.sana.sy\/es\/index.php?rest_route=%2Fwp%2Fv2%2Fcategories&post=230264"},{"taxonomy":"post_tag","embeddable":true,"href":"https:\/\/archive.sana.sy\/es\/index.php?rest_route=%2Fwp%2Fv2%2Ftags&post=230264"}],"curies":[{"name":"wp","href":"https:\/\/api.w.org\/{rel}","templated":true}]}}