{"id":230374,"date":"2022-04-24T10:22:06","date_gmt":"2022-04-24T07:22:06","guid":{"rendered":"http:\/\/107.6.182.27\/es\/?p=230374"},"modified":"2023-01-10T16:19:54","modified_gmt":"2023-01-10T14:19:54","slug":"minuto-a-minuto60-dias-de-la-operacion-especial-rusa-en-ucrania","status":"publish","type":"post","link":"https:\/\/archive.sana.sy\/es\/?p=230374","title":{"rendered":"Minuto a Minuto\u202660 d\u00edas de la operaci\u00f3n especial rusa en Ucrania"},"content":{"rendered":"<p style=\"text-align: justify;\"><strong><span style=\"color: #800000;\">Mosc\u00fa, 24 abr\u00a0 (SANA)<\/span><\/strong> \u00a0????????Mizintsev: Kiev est\u00e1 planeando una provocaci\u00f3n en Lisichansk similar a lo que sucedi\u00f3 en Bucha<\/p>\n<p style=\"text-align: justify;\">????????Servicios de seguridad de Ucrania y Breta\u00f1a preparan una falsificaci\u00f3n para acusar a los militares rusos<\/p>\n<p style=\"text-align: justify;\">????????Formaciones nazis ucranianas retienen 90 extranjeros y 76 barcos para usarlos como escudos humanos.<\/p>\n<p style=\"text-align: justify;\">Rusia anuncia la destrucci\u00f3n de 26 objetivos militares ucranianos, incluido un centro de mando y control, 40 veh\u00edculos blindados, y la eliminaci\u00f3n de 150 nazis.<\/p>\n<p style=\"text-align: justify;\">ed\/fm<\/p>\n","protected":false},"excerpt":{"rendered":"<p>Mosc\u00fa, 24 abr\u00a0 (SANA) \u00a0????????Mizintsev: Kiev est\u00e1 planeando una provocaci\u00f3n en Lisichansk similar a lo que sucedi\u00f3 en Bucha ????????Servicios de seguridad de Ucrania y Breta\u00f1a preparan una falsificaci\u00f3n para acusar a los militares rusos ????????Formaciones nazis ucranianas retienen 90 extranjeros y 76 barcos para usarlos como escudos humanos. Rusia anuncia la destrucci\u00f3n de 26 &hellip;<\/p>\n","protected":false},"author":32,"featured_media":230375,"comment_status":"closed","ping_status":"closed","sticky":false,"template":"","format":"standard","meta":{"footnotes":""},"categories":[597,456,583],"tags":[],"class_list":["post-230374","post","type-post","status-publish","format-standard","has-post-thumbnail","","category-cinta-de-noticias","category-arabe-internacional-politica","category-slide"],"_links":{"self":[{"href":"https:\/\/archive.sana.sy\/es\/index.php?rest_route=\/wp\/v2\/posts\/230374"}],"collection":[{"href":"https:\/\/archive.sana.sy\/es\/index.php?rest_route=\/wp\/v2\/posts"}],"about":[{"href":"https:\/\/archive.sana.sy\/es\/index.php?rest_route=\/wp\/v2\/types\/post"}],"author":[{"embeddable":true,"href":"https:\/\/archive.sana.sy\/es\/index.php?rest_route=\/wp\/v2\/users\/32"}],"replies":[{"embeddable":true,"href":"https:\/\/archive.sana.sy\/es\/index.php?rest_route=%2Fwp%2Fv2%2Fcomments&post=230374"}],"version-history":[{"count":0,"href":"https:\/\/archive.sana.sy\/es\/index.php?rest_route=\/wp\/v2\/posts\/230374\/revisions"}],"wp:featuredmedia":[{"embeddable":true,"href":"https:\/\/archive.sana.sy\/es\/index.php?rest_route=\/wp\/v2\/media\/230375"}],"wp:attachment":[{"href":"https:\/\/archive.sana.sy\/es\/index.php?rest_route=%2Fwp%2Fv2%2Fmedia&parent=230374"}],"wp:term":[{"taxonomy":"category","embeddable":true,"href":"https:\/\/archive.sana.sy\/es\/index.php?rest_route=%2Fwp%2Fv2%2Fcategories&post=230374"},{"taxonomy":"post_tag","embeddable":true,"href":"https:\/\/archive.sana.sy\/es\/index.php?rest_route=%2Fwp%2Fv2%2Ftags&post=230374"}],"curies":[{"name":"wp","href":"https:\/\/api.w.org\/{rel}","templated":true}]}}