{"id":230408,"date":"2022-04-24T13:07:08","date_gmt":"2022-04-24T10:07:08","guid":{"rendered":"http:\/\/107.6.182.27\/es\/?p=230408"},"modified":"2023-01-10T14:04:03","modified_gmt":"2023-01-10T12:04:03","slug":"el-inolvidable-genocidio-cometido-contra-el-pueblo-armenio-hace-107-anos","status":"publish","type":"post","link":"https:\/\/archive.sana.sy\/es\/?p=230408","title":{"rendered":"El inolvidable genocidio cometido contra el pueblo armenio hace 107 a\u00f1os"},"content":{"rendered":"<p style=\"text-align: justify;\"><strong><span style=\"color: #800000;\">Damasco, 24 abr (SANA)<\/span><\/strong> Los armenios dentro de su pa\u00eds y en la di\u00e1spora conmemoran estos d\u00edas el 107 aniversario del genocidio cometido contra los armenios a manos de los otomanos, que comenz\u00f3 el 24 abril de 1915 y cobr\u00f3 la vida de m\u00e1s de un mill\u00f3n y medio de personas inocentes.<\/p>\n<p style=\"text-align: justify;\">Ya han transcurrido 107 a\u00f1os desde aquella fecha en la que los otomanos cometieron el genocidio armenio, sin embargo, este crimen se mantiene grabado en la conciencia de la humanidad por ser una de las formas m\u00e1s atroces violaciones de los derechos humanos.<\/p>\n<p style=\"text-align: justify;\">Hoy en d\u00eda, el r\u00e9gimen turco repite el mismo crimen contra los pueblos y Estados de la regi\u00f3n, en particular contra el pueblo sirio.<\/p>\n<p style=\"text-align: justify;\">El genocidio armenio tuvo muchas consecuencias como la privaci\u00f3n de los armenios de su patria y sus propiedades y desplazarlos en varias partes del mundo.<\/p>\n<p style=\"text-align: justify;\">Los armenios conmemoran este aniversario con una gran determinaci\u00f3n para reclamar sus derechos, el m\u00e1s importante criminalizar a Turqu\u00eda por este genocidio y compensar los derechos de los armenios.<\/p>\n<p style=\"text-align: justify;\">El reconocimiento y la condena de decenas de pa\u00edses a este crimen abre el camino para exigir los derechos hist\u00f3ricos de los armenios y el reconocimiento del genocidio y la eliminaci\u00f3n de sus secuelas.<\/p>\n<p style=\"text-align: justify;\">En febrero del 2020, la Asamblea del Pueblo de Siria (parlamento) adopt\u00f3 por unanimidad una resoluci\u00f3n que condena y reconoce el crimen de genocidio contra los armenios cometido por el Imperio Otomano a principios del siglo XX.<\/p>\n<p style=\"text-align: justify;\">Siria consider\u00f3 que el exterminio de m\u00e1s de un mill\u00f3n y medio de armenios no es un simple suceso hist\u00f3rico sino m\u00e1s bien una marca negra en la historia de la humanidad y se asemeja a los actuales cr\u00edmenes sionistas.<\/p>\n<p style=\"text-align: justify;\">fm\/ed<\/p>\n","protected":false},"excerpt":{"rendered":"<p>Damasco, 24 abr (SANA) Los armenios dentro de su pa\u00eds y en la di\u00e1spora conmemoran estos d\u00edas el 107 aniversario del genocidio cometido contra los armenios a manos de los otomanos, que comenz\u00f3 el 24 abril de 1915 y cobr\u00f3 la vida de m\u00e1s de un mill\u00f3n y medio de personas inocentes. Ya han transcurrido &hellip;<\/p>\n","protected":false},"author":32,"featured_media":230421,"comment_status":"closed","ping_status":"closed","sticky":false,"template":"","format":"standard","meta":{"footnotes":""},"categories":[447,477,597,476,457,583],"tags":[],"class_list":["post-230408","post","type-post","status-publish","format-standard","has-post-thumbnail","","category-local-politica","category-noticias-edulcorantes","category-cinta-de-noticias","category-locales","category-noticias-arabe-internacional-politica","category-slide"],"_links":{"self":[{"href":"https:\/\/archive.sana.sy\/es\/index.php?rest_route=\/wp\/v2\/posts\/230408"}],"collection":[{"href":"https:\/\/archive.sana.sy\/es\/index.php?rest_route=\/wp\/v2\/posts"}],"about":[{"href":"https:\/\/archive.sana.sy\/es\/index.php?rest_route=\/wp\/v2\/types\/post"}],"author":[{"embeddable":true,"href":"https:\/\/archive.sana.sy\/es\/index.php?rest_route=\/wp\/v2\/users\/32"}],"replies":[{"embeddable":true,"href":"https:\/\/archive.sana.sy\/es\/index.php?rest_route=%2Fwp%2Fv2%2Fcomments&post=230408"}],"version-history":[{"count":0,"href":"https:\/\/archive.sana.sy\/es\/index.php?rest_route=\/wp\/v2\/posts\/230408\/revisions"}],"wp:featuredmedia":[{"embeddable":true,"href":"https:\/\/archive.sana.sy\/es\/index.php?rest_route=\/wp\/v2\/media\/230421"}],"wp:attachment":[{"href":"https:\/\/archive.sana.sy\/es\/index.php?rest_route=%2Fwp%2Fv2%2Fmedia&parent=230408"}],"wp:term":[{"taxonomy":"category","embeddable":true,"href":"https:\/\/archive.sana.sy\/es\/index.php?rest_route=%2Fwp%2Fv2%2Fcategories&post=230408"},{"taxonomy":"post_tag","embeddable":true,"href":"https:\/\/archive.sana.sy\/es\/index.php?rest_route=%2Fwp%2Fv2%2Ftags&post=230408"}],"curies":[{"name":"wp","href":"https:\/\/api.w.org\/{rel}","templated":true}]}}