{"id":230438,"date":"2022-04-24T16:50:19","date_gmt":"2022-04-24T13:50:19","guid":{"rendered":"http:\/\/107.6.182.27\/es\/?p=230438"},"modified":"2022-04-24T17:54:34","modified_gmt":"2022-04-24T14:54:34","slug":"presidente-al-assad-felicita-a-los-cristianas-de-siria-por-la-pascua","status":"publish","type":"post","link":"https:\/\/archive.sana.sy\/es\/?p=230438","title":{"rendered":"Presidente al-Assad felicita a los cristianas de Siria por la Pascua"},"content":{"rendered":"<p style=\"text-align: justify;\"><strong><span style=\"color: #800000;\">Damasco, 24 abr (SANA)<\/span> <\/strong>El presidente Bashar al-Assad, felicit\u00f3 a las comunidades cristianas de Siria que celebra la Semana Santa, seg\u00fan el calendario oriental, y les dese\u00f3 a ellos y a todos los sirios salud, bondad y paz.<\/p>\n<p style=\"text-align: justify;\">El ministro de Asuntos Presidenciales, Mansour Azzam, transmiti\u00f3 las felicitaciones del presidente a Su Beatitud Juan X, Patriarca de Antioqu\u00eda y Todo el Este de los Ortodoxos Griegos, Su Santidad Mar Ignatius Aphrem II, Patriarca de Antioqu\u00eda y Todo el Este, Jefe Supremo de la Iglesia Ortodoxa Siria en el mundo.<br \/>\nA su vez, los jefes de las comunidades cristianas expresaron su agradecimiento al presidente al-Assad por felicitarles con esta ocasi\u00f3n.<\/p>\n<p style=\"text-align: justify;\">Manifestaron su plena confianza en la capacidad del pueblo sirio de reconstruir lo que fue destruido durante la guerra terrorista y superar los efectos de la guerra econ\u00f3micas y las injustas sanciones.<\/p>\n<p style=\"text-align: justify;\">fm\/ed<\/p>\n<div id='gallery-1' class='gallery galleryid-230438 gallery-columns-1 gallery-size-full'><figure class='gallery-item'>\n\t\t\t<div class='gallery-icon landscape'>\n\t\t\t\t<a href='https:\/\/archive.sana.sy\/es\/wp-content\/uploads\/2022\/04\/01-2-scaled.jpg'><img loading=\"lazy\" decoding=\"async\" width=\"2560\" height=\"2092\" src=\"https:\/\/archive.sana.sy\/es\/wp-content\/uploads\/2022\/04\/01-2-scaled.jpg\" class=\"attachment-full size-full\" alt=\"\" srcset=\"https:\/\/archive.sana.sy\/es\/wp-content\/uploads\/2022\/04\/01-2-scaled.jpg 2560w, https:\/\/archive.sana.sy\/es\/wp-content\/uploads\/2022\/04\/01-2-300x245.jpg 300w, https:\/\/archive.sana.sy\/es\/wp-content\/uploads\/2022\/04\/01-2-1024x837.jpg 1024w, https:\/\/archive.sana.sy\/es\/wp-content\/uploads\/2022\/04\/01-2-150x123.jpg 150w, https:\/\/archive.sana.sy\/es\/wp-content\/uploads\/2022\/04\/01-2-768x628.jpg 768w, https:\/\/archive.sana.sy\/es\/wp-content\/uploads\/2022\/04\/01-2-1536x1255.jpg 1536w, https:\/\/archive.sana.sy\/es\/wp-content\/uploads\/2022\/04\/01-2-2048x1673.jpg 2048w\" sizes=\"(max-width: 2560px) 100vw, 2560px\" \/><\/a>\n\t\t\t<\/div><\/figure><figure class='gallery-item'>\n\t\t\t<div class='gallery-icon landscape'>\n\t\t\t\t<a href='https:\/\/archive.sana.sy\/es\/wp-content\/uploads\/2022\/04\/10-1-scaled.jpg'><img loading=\"lazy\" decoding=\"async\" width=\"2560\" height=\"1783\" src=\"https:\/\/archive.sana.sy\/es\/wp-content\/uploads\/2022\/04\/10-1-scaled.jpg\" class=\"attachment-full size-full\" alt=\"\" srcset=\"https:\/\/archive.sana.sy\/es\/wp-content\/uploads\/2022\/04\/10-1-scaled.jpg 2560w, https:\/\/archive.sana.sy\/es\/wp-content\/uploads\/2022\/04\/10-1-300x209.jpg 300w, https:\/\/archive.sana.sy\/es\/wp-content\/uploads\/2022\/04\/10-1-1024x713.jpg 1024w, https:\/\/archive.sana.sy\/es\/wp-content\/uploads\/2022\/04\/10-1-150x104.jpg 150w, https:\/\/archive.sana.sy\/es\/wp-content\/uploads\/2022\/04\/10-1-768x535.jpg 768w, https:\/\/archive.sana.sy\/es\/wp-content\/uploads\/2022\/04\/10-1-1536x1070.jpg 1536w, https:\/\/archive.sana.sy\/es\/wp-content\/uploads\/2022\/04\/10-1-2048x1427.jpg 2048w\" sizes=\"(max-width: 2560px) 100vw, 2560px\" \/><\/a>\n\t\t\t<\/div><\/figure><figure class='gallery-item'>\n\t\t\t<div class='gallery-icon landscape'>\n\t\t\t\t<a href='https:\/\/archive.sana.sy\/es\/wp-content\/uploads\/2022\/04\/03-scaled.jpg'><img loading=\"lazy\" decoding=\"async\" width=\"2560\" height=\"1824\" src=\"https:\/\/archive.sana.sy\/es\/wp-content\/uploads\/2022\/04\/03-scaled.jpg\" class=\"attachment-full size-full\" alt=\"\" srcset=\"https:\/\/archive.sana.sy\/es\/wp-content\/uploads\/2022\/04\/03-scaled.jpg 2560w, https:\/\/archive.sana.sy\/es\/wp-content\/uploads\/2022\/04\/03-300x214.jpg 300w, https:\/\/archive.sana.sy\/es\/wp-content\/uploads\/2022\/04\/03-1024x729.jpg 1024w, https:\/\/archive.sana.sy\/es\/wp-content\/uploads\/2022\/04\/03-150x107.jpg 150w, https:\/\/archive.sana.sy\/es\/wp-content\/uploads\/2022\/04\/03-768x547.jpg 768w, https:\/\/archive.sana.sy\/es\/wp-content\/uploads\/2022\/04\/03-1536x1094.jpg 1536w, https:\/\/archive.sana.sy\/es\/wp-content\/uploads\/2022\/04\/03-2048x1459.jpg 2048w\" sizes=\"(max-width: 2560px) 100vw, 2560px\" \/><\/a>\n\t\t\t<\/div><\/figure><figure class='gallery-item'>\n\t\t\t<div class='gallery-icon landscape'>\n\t\t\t\t<a href='https:\/\/archive.sana.sy\/es\/wp-content\/uploads\/2022\/04\/05-scaled.jpg'><img loading=\"lazy\" decoding=\"async\" width=\"2560\" height=\"1615\" src=\"https:\/\/archive.sana.sy\/es\/wp-content\/uploads\/2022\/04\/05-scaled.jpg\" class=\"attachment-full size-full\" alt=\"\" srcset=\"https:\/\/archive.sana.sy\/es\/wp-content\/uploads\/2022\/04\/05-scaled.jpg 2560w, https:\/\/archive.sana.sy\/es\/wp-content\/uploads\/2022\/04\/05-300x189.jpg 300w, https:\/\/archive.sana.sy\/es\/wp-content\/uploads\/2022\/04\/05-1024x646.jpg 1024w, https:\/\/archive.sana.sy\/es\/wp-content\/uploads\/2022\/04\/05-150x95.jpg 150w, https:\/\/archive.sana.sy\/es\/wp-content\/uploads\/2022\/04\/05-768x484.jpg 768w, https:\/\/archive.sana.sy\/es\/wp-content\/uploads\/2022\/04\/05-1536x969.jpg 1536w, https:\/\/archive.sana.sy\/es\/wp-content\/uploads\/2022\/04\/05-2048x1292.jpg 2048w\" sizes=\"(max-width: 2560px) 100vw, 2560px\" \/><\/a>\n\t\t\t<\/div><\/figure><figure class='gallery-item'>\n\t\t\t<div class='gallery-icon landscape'>\n\t\t\t\t<a href='https:\/\/archive.sana.sy\/es\/wp-content\/uploads\/2022\/04\/12-scaled.jpg'><img loading=\"lazy\" decoding=\"async\" width=\"2560\" height=\"1518\" src=\"https:\/\/archive.sana.sy\/es\/wp-content\/uploads\/2022\/04\/12-scaled.jpg\" class=\"attachment-full size-full\" alt=\"\" srcset=\"https:\/\/archive.sana.sy\/es\/wp-content\/uploads\/2022\/04\/12-scaled.jpg 2560w, https:\/\/archive.sana.sy\/es\/wp-content\/uploads\/2022\/04\/12-300x178.jpg 300w, https:\/\/archive.sana.sy\/es\/wp-content\/uploads\/2022\/04\/12-1024x607.jpg 1024w, https:\/\/archive.sana.sy\/es\/wp-content\/uploads\/2022\/04\/12-150x89.jpg 150w, https:\/\/archive.sana.sy\/es\/wp-content\/uploads\/2022\/04\/12-768x455.jpg 768w, https:\/\/archive.sana.sy\/es\/wp-content\/uploads\/2022\/04\/12-1536x911.jpg 1536w, https:\/\/archive.sana.sy\/es\/wp-content\/uploads\/2022\/04\/12-2048x1214.jpg 2048w\" sizes=\"(max-width: 2560px) 100vw, 2560px\" \/><\/a>\n\t\t\t<\/div><\/figure><figure class='gallery-item'>\n\t\t\t<div class='gallery-icon landscape'>\n\t\t\t\t<a href='https:\/\/archive.sana.sy\/es\/wp-content\/uploads\/2022\/04\/13-1-scaled.jpg'><img loading=\"lazy\" decoding=\"async\" width=\"2560\" height=\"1907\" src=\"https:\/\/archive.sana.sy\/es\/wp-content\/uploads\/2022\/04\/13-1-scaled.jpg\" class=\"attachment-full size-full\" alt=\"\" srcset=\"https:\/\/archive.sana.sy\/es\/wp-content\/uploads\/2022\/04\/13-1-scaled.jpg 2560w, https:\/\/archive.sana.sy\/es\/wp-content\/uploads\/2022\/04\/13-1-300x223.jpg 300w, https:\/\/archive.sana.sy\/es\/wp-content\/uploads\/2022\/04\/13-1-1024x763.jpg 1024w, https:\/\/archive.sana.sy\/es\/wp-content\/uploads\/2022\/04\/13-1-150x112.jpg 150w, https:\/\/archive.sana.sy\/es\/wp-content\/uploads\/2022\/04\/13-1-768x572.jpg 768w, https:\/\/archive.sana.sy\/es\/wp-content\/uploads\/2022\/04\/13-1-1536x1144.jpg 1536w, https:\/\/archive.sana.sy\/es\/wp-content\/uploads\/2022\/04\/13-1-2048x1525.jpg 2048w\" sizes=\"(max-width: 2560px) 100vw, 2560px\" \/><\/a>\n\t\t\t<\/div><\/figure>\n\t\t<\/div>\n\n<p>&nbsp;<\/p>\n","protected":false},"excerpt":{"rendered":"<p>Damasco, 24 abr (SANA) El presidente Bashar al-Assad, felicit\u00f3 a las comunidades cristianas de Siria que celebra la Semana Santa, seg\u00fan el calendario oriental, y les dese\u00f3 a ellos y a todos los sirios salud, bondad y paz. El ministro de Asuntos Presidenciales, Mansour Azzam, transmiti\u00f3 las felicitaciones del presidente a Su Beatitud Juan X, &hellip;<\/p>\n","protected":false},"author":32,"featured_media":230445,"comment_status":"closed","ping_status":"closed","sticky":false,"template":"","format":"standard","meta":{"footnotes":""},"categories":[477,597,476,583],"tags":[],"class_list":["post-230438","post","type-post","status-publish","format-standard","has-post-thumbnail","","category-noticias-edulcorantes","category-cinta-de-noticias","category-locales","category-slide"],"_links":{"self":[{"href":"https:\/\/archive.sana.sy\/es\/index.php?rest_route=\/wp\/v2\/posts\/230438"}],"collection":[{"href":"https:\/\/archive.sana.sy\/es\/index.php?rest_route=\/wp\/v2\/posts"}],"about":[{"href":"https:\/\/archive.sana.sy\/es\/index.php?rest_route=\/wp\/v2\/types\/post"}],"author":[{"embeddable":true,"href":"https:\/\/archive.sana.sy\/es\/index.php?rest_route=\/wp\/v2\/users\/32"}],"replies":[{"embeddable":true,"href":"https:\/\/archive.sana.sy\/es\/index.php?rest_route=%2Fwp%2Fv2%2Fcomments&post=230438"}],"version-history":[{"count":0,"href":"https:\/\/archive.sana.sy\/es\/index.php?rest_route=\/wp\/v2\/posts\/230438\/revisions"}],"wp:featuredmedia":[{"embeddable":true,"href":"https:\/\/archive.sana.sy\/es\/index.php?rest_route=\/wp\/v2\/media\/230445"}],"wp:attachment":[{"href":"https:\/\/archive.sana.sy\/es\/index.php?rest_route=%2Fwp%2Fv2%2Fmedia&parent=230438"}],"wp:term":[{"taxonomy":"category","embeddable":true,"href":"https:\/\/archive.sana.sy\/es\/index.php?rest_route=%2Fwp%2Fv2%2Fcategories&post=230438"},{"taxonomy":"post_tag","embeddable":true,"href":"https:\/\/archive.sana.sy\/es\/index.php?rest_route=%2Fwp%2Fv2%2Ftags&post=230438"}],"curies":[{"name":"wp","href":"https:\/\/api.w.org\/{rel}","templated":true}]}}