{"id":230458,"date":"2022-04-24T19:18:46","date_gmt":"2022-04-24T16:18:46","guid":{"rendered":"http:\/\/107.6.182.27\/es\/?p=230458"},"modified":"2022-04-24T19:18:46","modified_gmt":"2022-04-24T16:18:46","slug":"presidente-al-assad-visita-el-monasterio-de-nuestra-senora-de-saydnaya-al-norte-de-damasco-fotos","status":"publish","type":"post","link":"https:\/\/archive.sana.sy\/es\/?p=230458","title":{"rendered":"Presidente al-Assad visita el Monasterio de Nuestra Se\u00f1ora de Saydnaya al norte de Damasco (fotos)"},"content":{"rendered":"<p style=\"text-align: justify;\"><span style=\"color: #800000;\"><strong>Damasco, 24 abr (SANA)<\/strong><\/span><\/p>\n<p style=\"text-align: justify;\">El presidente Bashar al-Assad y la primera dama Asma al-Assad visitaron este domingo el Monasterio de Nuestra Se\u00f1ora de Saydnaya, ubicado al norte de la capital Damasco.<\/p>\n<p style=\"text-align: justify;\">El mandatario y su esposa felicitaron por la Pascua a los residentes, las monjas y los ni\u00f1os hu\u00e9rfanos.<\/p>\n<p style=\"text-align: justify;\">Tambi\u00e9n, visitaron el Museo de la Iglesia de Hagia Sophia donde vieron los manuscritos e iconos hist\u00f3ricos que contiene el mismo.<\/p>\n<p style=\"text-align: justify;\">rr\/fm<\/p>\n<p style=\"text-align: justify;\">\n<div id='gallery-1' class='gallery galleryid-230458 gallery-columns-1 gallery-size-full'><figure class='gallery-item'>\n\t\t\t<div class='gallery-icon portrait'>\n\t\t\t\t<a href='https:\/\/archive.sana.sy\/es\/wp-content\/uploads\/2022\/04\/photo_2022-04-24_18-00-23-2.jpg'><img loading=\"lazy\" decoding=\"async\" width=\"853\" height=\"1280\" src=\"https:\/\/archive.sana.sy\/es\/wp-content\/uploads\/2022\/04\/photo_2022-04-24_18-00-23-2.jpg\" class=\"attachment-full size-full\" alt=\"\" srcset=\"https:\/\/archive.sana.sy\/es\/wp-content\/uploads\/2022\/04\/photo_2022-04-24_18-00-23-2.jpg 853w, https:\/\/archive.sana.sy\/es\/wp-content\/uploads\/2022\/04\/photo_2022-04-24_18-00-23-2-200x300.jpg 200w, https:\/\/archive.sana.sy\/es\/wp-content\/uploads\/2022\/04\/photo_2022-04-24_18-00-23-2-682x1024.jpg 682w, https:\/\/archive.sana.sy\/es\/wp-content\/uploads\/2022\/04\/photo_2022-04-24_18-00-23-2-100x150.jpg 100w, https:\/\/archive.sana.sy\/es\/wp-content\/uploads\/2022\/04\/photo_2022-04-24_18-00-23-2-768x1152.jpg 768w\" sizes=\"(max-width: 853px) 100vw, 853px\" \/><\/a>\n\t\t\t<\/div><\/figure><figure class='gallery-item'>\n\t\t\t<div class='gallery-icon portrait'>\n\t\t\t\t<a href='https:\/\/archive.sana.sy\/es\/wp-content\/uploads\/2022\/04\/photo_2022-04-24_18-00-23.jpg'><img loading=\"lazy\" decoding=\"async\" width=\"1231\" height=\"1280\" src=\"https:\/\/archive.sana.sy\/es\/wp-content\/uploads\/2022\/04\/photo_2022-04-24_18-00-23.jpg\" class=\"attachment-full size-full\" alt=\"\" srcset=\"https:\/\/archive.sana.sy\/es\/wp-content\/uploads\/2022\/04\/photo_2022-04-24_18-00-23.jpg 1231w, https:\/\/archive.sana.sy\/es\/wp-content\/uploads\/2022\/04\/photo_2022-04-24_18-00-23-289x300.jpg 289w, https:\/\/archive.sana.sy\/es\/wp-content\/uploads\/2022\/04\/photo_2022-04-24_18-00-23-985x1024.jpg 985w, https:\/\/archive.sana.sy\/es\/wp-content\/uploads\/2022\/04\/photo_2022-04-24_18-00-23-144x150.jpg 144w, https:\/\/archive.sana.sy\/es\/wp-content\/uploads\/2022\/04\/photo_2022-04-24_18-00-23-768x799.jpg 768w\" sizes=\"(max-width: 1231px) 100vw, 1231px\" \/><\/a>\n\t\t\t<\/div><\/figure><figure class='gallery-item'>\n\t\t\t<div class='gallery-icon landscape'>\n\t\t\t\t<a href='https:\/\/archive.sana.sy\/es\/wp-content\/uploads\/2022\/04\/photo_2022-04-24_18-00-24.jpg'><img loading=\"lazy\" decoding=\"async\" width=\"1280\" height=\"808\" src=\"https:\/\/archive.sana.sy\/es\/wp-content\/uploads\/2022\/04\/photo_2022-04-24_18-00-24.jpg\" class=\"attachment-full size-full\" alt=\"\" srcset=\"https:\/\/archive.sana.sy\/es\/wp-content\/uploads\/2022\/04\/photo_2022-04-24_18-00-24.jpg 1280w, https:\/\/archive.sana.sy\/es\/wp-content\/uploads\/2022\/04\/photo_2022-04-24_18-00-24-300x189.jpg 300w, https:\/\/archive.sana.sy\/es\/wp-content\/uploads\/2022\/04\/photo_2022-04-24_18-00-24-1024x646.jpg 1024w, https:\/\/archive.sana.sy\/es\/wp-content\/uploads\/2022\/04\/photo_2022-04-24_18-00-24-150x95.jpg 150w, https:\/\/archive.sana.sy\/es\/wp-content\/uploads\/2022\/04\/photo_2022-04-24_18-00-24-768x485.jpg 768w\" sizes=\"(max-width: 1280px) 100vw, 1280px\" \/><\/a>\n\t\t\t<\/div><\/figure><figure class='gallery-item'>\n\t\t\t<div class='gallery-icon landscape'>\n\t\t\t\t<a href='https:\/\/archive.sana.sy\/es\/wp-content\/uploads\/2022\/04\/photo_2022-04-24_18-00-25.jpg'><img loading=\"lazy\" decoding=\"async\" width=\"1280\" height=\"760\" src=\"https:\/\/archive.sana.sy\/es\/wp-content\/uploads\/2022\/04\/photo_2022-04-24_18-00-25.jpg\" class=\"attachment-full size-full\" alt=\"\" srcset=\"https:\/\/archive.sana.sy\/es\/wp-content\/uploads\/2022\/04\/photo_2022-04-24_18-00-25.jpg 1280w, https:\/\/archive.sana.sy\/es\/wp-content\/uploads\/2022\/04\/photo_2022-04-24_18-00-25-300x178.jpg 300w, https:\/\/archive.sana.sy\/es\/wp-content\/uploads\/2022\/04\/photo_2022-04-24_18-00-25-1024x608.jpg 1024w, https:\/\/archive.sana.sy\/es\/wp-content\/uploads\/2022\/04\/photo_2022-04-24_18-00-25-150x89.jpg 150w, https:\/\/archive.sana.sy\/es\/wp-content\/uploads\/2022\/04\/photo_2022-04-24_18-00-25-768x456.jpg 768w\" sizes=\"(max-width: 1280px) 100vw, 1280px\" \/><\/a>\n\t\t\t<\/div><\/figure><figure class='gallery-item'>\n\t\t\t<div class='gallery-icon landscape'>\n\t\t\t\t<a href='https:\/\/archive.sana.sy\/es\/wp-content\/uploads\/2022\/04\/photo_2022-04-24_18-04-15.jpg'><img loading=\"lazy\" decoding=\"async\" width=\"1280\" height=\"984\" src=\"https:\/\/archive.sana.sy\/es\/wp-content\/uploads\/2022\/04\/photo_2022-04-24_18-04-15.jpg\" class=\"attachment-full size-full\" alt=\"\" srcset=\"https:\/\/archive.sana.sy\/es\/wp-content\/uploads\/2022\/04\/photo_2022-04-24_18-04-15.jpg 1280w, https:\/\/archive.sana.sy\/es\/wp-content\/uploads\/2022\/04\/photo_2022-04-24_18-04-15-300x231.jpg 300w, https:\/\/archive.sana.sy\/es\/wp-content\/uploads\/2022\/04\/photo_2022-04-24_18-04-15-1024x787.jpg 1024w, https:\/\/archive.sana.sy\/es\/wp-content\/uploads\/2022\/04\/photo_2022-04-24_18-04-15-150x115.jpg 150w, https:\/\/archive.sana.sy\/es\/wp-content\/uploads\/2022\/04\/photo_2022-04-24_18-04-15-768x590.jpg 768w\" sizes=\"(max-width: 1280px) 100vw, 1280px\" \/><\/a>\n\t\t\t<\/div><\/figure>\n\t\t<\/div>\n\n","protected":false},"excerpt":{"rendered":"<p>Damasco, 24 abr (SANA) El presidente Bashar al-Assad y la primera dama Asma al-Assad visitaron este domingo el Monasterio de Nuestra Se\u00f1ora de Saydnaya, ubicado al norte de la capital Damasco. El mandatario y su esposa felicitaron por la Pascua a los residentes, las monjas y los ni\u00f1os hu\u00e9rfanos. Tambi\u00e9n, visitaron el Museo de la &hellip;<\/p>\n","protected":false},"author":31,"featured_media":230462,"comment_status":"closed","ping_status":"closed","sticky":false,"template":"","format":"standard","meta":{"footnotes":""},"categories":[597,476,16237,583],"tags":[],"class_list":["post-230458","post","type-post","status-publish","format-standard","has-post-thumbnail","","category-cinta-de-noticias","category-locales","category-presidence-de-la-republique-arabe-syria","category-slide"],"_links":{"self":[{"href":"https:\/\/archive.sana.sy\/es\/index.php?rest_route=\/wp\/v2\/posts\/230458"}],"collection":[{"href":"https:\/\/archive.sana.sy\/es\/index.php?rest_route=\/wp\/v2\/posts"}],"about":[{"href":"https:\/\/archive.sana.sy\/es\/index.php?rest_route=\/wp\/v2\/types\/post"}],"author":[{"embeddable":true,"href":"https:\/\/archive.sana.sy\/es\/index.php?rest_route=\/wp\/v2\/users\/31"}],"replies":[{"embeddable":true,"href":"https:\/\/archive.sana.sy\/es\/index.php?rest_route=%2Fwp%2Fv2%2Fcomments&post=230458"}],"version-history":[{"count":0,"href":"https:\/\/archive.sana.sy\/es\/index.php?rest_route=\/wp\/v2\/posts\/230458\/revisions"}],"wp:featuredmedia":[{"embeddable":true,"href":"https:\/\/archive.sana.sy\/es\/index.php?rest_route=\/wp\/v2\/media\/230462"}],"wp:attachment":[{"href":"https:\/\/archive.sana.sy\/es\/index.php?rest_route=%2Fwp%2Fv2%2Fmedia&parent=230458"}],"wp:term":[{"taxonomy":"category","embeddable":true,"href":"https:\/\/archive.sana.sy\/es\/index.php?rest_route=%2Fwp%2Fv2%2Fcategories&post=230458"},{"taxonomy":"post_tag","embeddable":true,"href":"https:\/\/archive.sana.sy\/es\/index.php?rest_route=%2Fwp%2Fv2%2Ftags&post=230458"}],"curies":[{"name":"wp","href":"https:\/\/api.w.org\/{rel}","templated":true}]}}