{"id":230503,"date":"2022-04-25T07:02:51","date_gmt":"2022-04-25T04:02:51","guid":{"rendered":"http:\/\/107.6.182.27\/es\/?p=230503"},"modified":"2023-01-10T16:19:50","modified_gmt":"2023-01-10T14:19:50","slug":"bombardeos-israelies-contra-localidades-en-el-sur-del-libano","status":"publish","type":"post","link":"https:\/\/archive.sana.sy\/es\/?p=230503","title":{"rendered":"Bombardeos israel\u00edes contra localidades en el sur del L\u00edbano"},"content":{"rendered":"<p style=\"text-align: justify;\"><strong>Beirut, 25 abr (SANA)\u00a0<\/strong>\u00a0 Las fuerzas del enemigo israel\u00ed bombardearon las aldeas del sur del L\u00edbano.<\/p>\n<p style=\"text-align: justify;\">De acuerdo a reportes del canal al-Manar TV, 6 proyectiles de artiller\u00eda impactaron contra \u00e1reas entre los poblados de Alma Al- Shaab y Tayr Harf y 9 entre Hamul y Tair Harfa, mientras otros 10 proyectiles cayeron al sur de la localidad de udad de Al-Duhaira, as\u00ed como 8 proyectiles en el \u00e1rea de Jabal Basil, al oeste de Ramyah.<\/p>\n<p style=\"text-align: justify;\">De acuerdo al Departamento de Prensa de la Resistencia, el bombardeo de artiller\u00eda estuvo acompa\u00f1ado por el lanzamiento de 20 bombas luminosas por parte del enemigo en el espacio a\u00e9reo de las localidades de Shihin, Marwahin y Zebqin, lo que provoc\u00f3 un incendio en una zona boscosa en las afueras Shihin.<\/p>\n<p style=\"text-align: justify;\">fm<\/p>\n","protected":false},"excerpt":{"rendered":"<p>Beirut, 25 abr (SANA)\u00a0\u00a0 Las fuerzas del enemigo israel\u00ed bombardearon las aldeas del sur del L\u00edbano. De acuerdo a reportes del canal al-Manar TV, 6 proyectiles de artiller\u00eda impactaron contra \u00e1reas entre los poblados de Alma Al- Shaab y Tayr Harf y 9 entre Hamul y Tair Harfa, mientras otros 10 proyectiles cayeron al sur &hellip;<\/p>\n","protected":false},"author":34,"featured_media":230504,"comment_status":"closed","ping_status":"closed","sticky":false,"template":"","format":"standard","meta":{"footnotes":""},"categories":[597,456,7541],"tags":[],"class_list":["post-230503","post","type-post","status-publish","format-standard","has-post-thumbnail","","category-cinta-de-noticias","category-arabe-internacional-politica","category-ultimas-noticias"],"_links":{"self":[{"href":"https:\/\/archive.sana.sy\/es\/index.php?rest_route=\/wp\/v2\/posts\/230503"}],"collection":[{"href":"https:\/\/archive.sana.sy\/es\/index.php?rest_route=\/wp\/v2\/posts"}],"about":[{"href":"https:\/\/archive.sana.sy\/es\/index.php?rest_route=\/wp\/v2\/types\/post"}],"author":[{"embeddable":true,"href":"https:\/\/archive.sana.sy\/es\/index.php?rest_route=\/wp\/v2\/users\/34"}],"replies":[{"embeddable":true,"href":"https:\/\/archive.sana.sy\/es\/index.php?rest_route=%2Fwp%2Fv2%2Fcomments&post=230503"}],"version-history":[{"count":0,"href":"https:\/\/archive.sana.sy\/es\/index.php?rest_route=\/wp\/v2\/posts\/230503\/revisions"}],"wp:featuredmedia":[{"embeddable":true,"href":"https:\/\/archive.sana.sy\/es\/index.php?rest_route=\/wp\/v2\/media\/230504"}],"wp:attachment":[{"href":"https:\/\/archive.sana.sy\/es\/index.php?rest_route=%2Fwp%2Fv2%2Fmedia&parent=230503"}],"wp:term":[{"taxonomy":"category","embeddable":true,"href":"https:\/\/archive.sana.sy\/es\/index.php?rest_route=%2Fwp%2Fv2%2Fcategories&post=230503"},{"taxonomy":"post_tag","embeddable":true,"href":"https:\/\/archive.sana.sy\/es\/index.php?rest_route=%2Fwp%2Fv2%2Ftags&post=230503"}],"curies":[{"name":"wp","href":"https:\/\/api.w.org\/{rel}","templated":true}]}}