{"id":230525,"date":"2022-04-25T11:30:08","date_gmt":"2022-04-25T08:30:08","guid":{"rendered":"http:\/\/107.6.182.27\/es\/?p=230525"},"modified":"2023-01-10T16:19:49","modified_gmt":"2023-01-10T14:19:49","slug":"occidente-adopta-una-politica-de-doble-rasero-ante-las-crisis-internacionales-afirmas-dos-eurodiputados","status":"publish","type":"post","link":"https:\/\/archive.sana.sy\/es\/?p=230525","title":{"rendered":"Occidente adopta una pol\u00edtica de doble rasero ante las crisis internacionales, afirmas dos eurodiputados"},"content":{"rendered":"<p style=\"text-align: justify;\"><strong>Praga, 25 abr (SANA)<\/strong> El miembro del Parlamento Europeo por Rep\u00fablica Checa, Ivan David, critic\u00f3 la pol\u00edtica de doble rasero adoptada por Occidente ante muchas cuestiones y crisis internacionales.<\/p>\n<p style=\"text-align: justify;\">Occidente hace vista gorda ante los cr\u00edmenes cometidos por sus gobernantes en Siria, Irak, Libia y Serbia, mientras libra una campa\u00f1a hist\u00e9rica contra Rusia por su operaci\u00f3n especial en Ucrania, public\u00f3 David en su p\u00e1gina de Facebook.<\/p>\n<p style=\"text-align: justify;\">Asimismo, denunci\u00f3 que no se han impuesto sanciones europeas a Turqu\u00eda por sus cr\u00edmenes en Siria e Irak, ni siquiera al r\u00e9gimen saud\u00ed, que est\u00e1 cometiendo diariamente genocidio en Yemen.<\/p>\n<p style=\"text-align: justify;\">Por su parte, la eurodiputada Katerina Konichna destac\u00f3 que la Uni\u00f3n Europea se ha convertido en un t\u00edtere a favor de Estados Unidos.<\/p>\n<p style=\"text-align: justify;\">Consider\u00f3 que la Uni\u00f3n Europea es un aliado del gobierno estadounidense a trav\u00e9s de las sanciones injustas que impone a Rusia, lo que causa m\u00e1s da\u00f1o a otros pa\u00edses que a Mosc\u00fa.<\/p>\n<p style=\"text-align: justify;\"><em><strong>ws\/fm<\/strong><\/em><\/p>\n","protected":false},"excerpt":{"rendered":"<p>Praga, 25 abr (SANA) El miembro del Parlamento Europeo por Rep\u00fablica Checa, Ivan David, critic\u00f3 la pol\u00edtica de doble rasero adoptada por Occidente ante muchas cuestiones y crisis internacionales. Occidente hace vista gorda ante los cr\u00edmenes cometidos por sus gobernantes en Siria, Irak, Libia y Serbia, mientras libra una campa\u00f1a hist\u00e9rica contra Rusia por su &hellip;<\/p>\n","protected":false},"author":35,"featured_media":230526,"comment_status":"closed","ping_status":"closed","sticky":false,"template":"","format":"standard","meta":{"footnotes":""},"categories":[597,456,457,7541],"tags":[],"class_list":["post-230525","post","type-post","status-publish","format-standard","has-post-thumbnail","","category-cinta-de-noticias","category-arabe-internacional-politica","category-noticias-arabe-internacional-politica","category-ultimas-noticias"],"_links":{"self":[{"href":"https:\/\/archive.sana.sy\/es\/index.php?rest_route=\/wp\/v2\/posts\/230525"}],"collection":[{"href":"https:\/\/archive.sana.sy\/es\/index.php?rest_route=\/wp\/v2\/posts"}],"about":[{"href":"https:\/\/archive.sana.sy\/es\/index.php?rest_route=\/wp\/v2\/types\/post"}],"author":[{"embeddable":true,"href":"https:\/\/archive.sana.sy\/es\/index.php?rest_route=\/wp\/v2\/users\/35"}],"replies":[{"embeddable":true,"href":"https:\/\/archive.sana.sy\/es\/index.php?rest_route=%2Fwp%2Fv2%2Fcomments&post=230525"}],"version-history":[{"count":0,"href":"https:\/\/archive.sana.sy\/es\/index.php?rest_route=\/wp\/v2\/posts\/230525\/revisions"}],"wp:featuredmedia":[{"embeddable":true,"href":"https:\/\/archive.sana.sy\/es\/index.php?rest_route=\/wp\/v2\/media\/230526"}],"wp:attachment":[{"href":"https:\/\/archive.sana.sy\/es\/index.php?rest_route=%2Fwp%2Fv2%2Fmedia&parent=230525"}],"wp:term":[{"taxonomy":"category","embeddable":true,"href":"https:\/\/archive.sana.sy\/es\/index.php?rest_route=%2Fwp%2Fv2%2Fcategories&post=230525"},{"taxonomy":"post_tag","embeddable":true,"href":"https:\/\/archive.sana.sy\/es\/index.php?rest_route=%2Fwp%2Fv2%2Ftags&post=230525"}],"curies":[{"name":"wp","href":"https:\/\/api.w.org\/{rel}","templated":true}]}}