{"id":230799,"date":"2022-04-26T17:39:04","date_gmt":"2022-04-26T14:39:04","guid":{"rendered":"http:\/\/107.6.182.27\/es\/?p=230799"},"modified":"2023-01-10T14:04:02","modified_gmt":"2023-01-10T12:04:02","slug":"50-mil-millones-de-libras-sirias-presupuesto-del-fondo-de-apoyo-a-la-produccion-agricola-para-2022","status":"publish","type":"post","link":"https:\/\/archive.sana.sy\/es\/?p=230799","title":{"rendered":"50 mil millones de libras sirias, presupuesto del Fondo de Apoyo a la Producci\u00f3n Agr\u00edcola para 2022"},"content":{"rendered":"<p style=\"text-align: justify\"><span style=\"color: #800000\"><strong>Damasco, 26 abr (SANA)<\/strong> <\/span>El Consejo aprob\u00f3 el plan de trabajo del Fondo de Apoyo a la Producci\u00f3n Agr\u00edcola para el a\u00f1o 2022 y su presupuesto que se estima en 50 mil millones de libras sirias.<\/p>\n<p style=\"text-align: justify\">Dicho fondo se dedica a apoyar a la Corporaci\u00f3n p\u00fablica para la Multiplicaci\u00f3n de Semillas, los requerimientos de producci\u00f3n Agr\u00edcola, y los cultivos y productos agr\u00edcolas.<\/p>\n<p style=\"text-align: justify\">El Gabinete discuti\u00f3 un nuevo proyecto de instrumento legislativo para la creaci\u00f3n del Centro Nacional para el Desarrollo de los Curr\u00edculos Educativos.<\/p>\n<p style=\"text-align: justify\">El mismo tiene como objetivo mejorar el papel de las plataformas educativas cient\u00edficas en enriquecer los conocimientos de los alumnos, y desarrollar las habilidades de los docentes y los alumnos utilizando m\u00e9todos creativos y modernos.<\/p>\n<p style=\"text-align: justify\">la<\/p>\n","protected":false},"excerpt":{"rendered":"<p>Damasco, 26 abr (SANA) El Consejo aprob\u00f3 el plan de trabajo del Fondo de Apoyo a la Producci\u00f3n Agr\u00edcola para el a\u00f1o 2022 y su presupuesto que se estima en 50 mil millones de libras sirias. Dicho fondo se dedica a apoyar a la Corporaci\u00f3n p\u00fablica para la Multiplicaci\u00f3n de Semillas, los requerimientos de producci\u00f3n &hellip;<\/p>\n","protected":false},"author":24,"featured_media":230800,"comment_status":"closed","ping_status":"closed","sticky":false,"template":"","format":"standard","meta":{"footnotes":""},"categories":[447,597,476,7541],"tags":[],"class_list":["post-230799","post","type-post","status-publish","format-standard","has-post-thumbnail","","category-local-politica","category-cinta-de-noticias","category-locales","category-ultimas-noticias"],"_links":{"self":[{"href":"https:\/\/archive.sana.sy\/es\/index.php?rest_route=\/wp\/v2\/posts\/230799"}],"collection":[{"href":"https:\/\/archive.sana.sy\/es\/index.php?rest_route=\/wp\/v2\/posts"}],"about":[{"href":"https:\/\/archive.sana.sy\/es\/index.php?rest_route=\/wp\/v2\/types\/post"}],"author":[{"embeddable":true,"href":"https:\/\/archive.sana.sy\/es\/index.php?rest_route=\/wp\/v2\/users\/24"}],"replies":[{"embeddable":true,"href":"https:\/\/archive.sana.sy\/es\/index.php?rest_route=%2Fwp%2Fv2%2Fcomments&post=230799"}],"version-history":[{"count":0,"href":"https:\/\/archive.sana.sy\/es\/index.php?rest_route=\/wp\/v2\/posts\/230799\/revisions"}],"wp:featuredmedia":[{"embeddable":true,"href":"https:\/\/archive.sana.sy\/es\/index.php?rest_route=\/wp\/v2\/media\/230800"}],"wp:attachment":[{"href":"https:\/\/archive.sana.sy\/es\/index.php?rest_route=%2Fwp%2Fv2%2Fmedia&parent=230799"}],"wp:term":[{"taxonomy":"category","embeddable":true,"href":"https:\/\/archive.sana.sy\/es\/index.php?rest_route=%2Fwp%2Fv2%2Fcategories&post=230799"},{"taxonomy":"post_tag","embeddable":true,"href":"https:\/\/archive.sana.sy\/es\/index.php?rest_route=%2Fwp%2Fv2%2Ftags&post=230799"}],"curies":[{"name":"wp","href":"https:\/\/api.w.org\/{rel}","templated":true}]}}