{"id":230807,"date":"2022-04-26T18:15:13","date_gmt":"2022-04-26T15:15:13","guid":{"rendered":"http:\/\/107.6.182.27\/es\/?p=230807"},"modified":"2023-01-10T16:19:42","modified_gmt":"2023-01-10T14:19:42","slug":"rusia-declara-como-persona-non-grata-a-tres-diplomaticos-suecos","status":"publish","type":"post","link":"https:\/\/archive.sana.sy\/es\/?p=230807","title":{"rendered":"Rusia declara como \u201cpersona non grata\u201d a tres diplom\u00e1ticos suecos"},"content":{"rendered":"<p style=\"text-align: justify\"><span style=\"color: #800000\"><strong>Mosc\u00fa, 26 abr (SANA)<\/strong><\/span> El Ministerio de Relaciones Exteriores de Rusia anunci\u00f3 haber expulsado a tres diplom\u00e1ticos suecos y declararlos como \u201cpersona non grata\u201d.<\/p>\n<p style=\"text-align: justify\">En un comunicado publicado por la agencia Novosti, la Canciller\u00eda rusa precis\u00f3 que \u201cHoy la embajadora de Suecia en Mosc\u00fa fue convocada y se la entreg\u00f3 una nota de protesta por las acciones hostiles llevadas a cabo por las autoridades de su pa\u00eds en contra de tres diplom\u00e1ticos de la Embajada de Rusia y expulsarlos de Estocolmo sin fundamento\u201d.<\/p>\n<p style=\"text-align: justify\">Cabe destacar que Rusia se comprometi\u00f3 con responder a cualquier medida hostil que se tome contra los empleados de sus embajadas en el exterior.<\/p>\n<p style=\"text-align: justify\">la<\/p>\n","protected":false},"excerpt":{"rendered":"<p>Mosc\u00fa, 26 abr (SANA) El Ministerio de Relaciones Exteriores de Rusia anunci\u00f3 haber expulsado a tres diplom\u00e1ticos suecos y declararlos como \u201cpersona non grata\u201d. En un comunicado publicado por la agencia Novosti, la Canciller\u00eda rusa precis\u00f3 que \u201cHoy la embajadora de Suecia en Mosc\u00fa fue convocada y se la entreg\u00f3 una nota de protesta por &hellip;<\/p>\n","protected":false},"author":24,"featured_media":230671,"comment_status":"closed","ping_status":"closed","sticky":false,"template":"","format":"standard","meta":{"footnotes":""},"categories":[597,456,7541],"tags":[],"class_list":["post-230807","post","type-post","status-publish","format-standard","has-post-thumbnail","","category-cinta-de-noticias","category-arabe-internacional-politica","category-ultimas-noticias"],"_links":{"self":[{"href":"https:\/\/archive.sana.sy\/es\/index.php?rest_route=\/wp\/v2\/posts\/230807"}],"collection":[{"href":"https:\/\/archive.sana.sy\/es\/index.php?rest_route=\/wp\/v2\/posts"}],"about":[{"href":"https:\/\/archive.sana.sy\/es\/index.php?rest_route=\/wp\/v2\/types\/post"}],"author":[{"embeddable":true,"href":"https:\/\/archive.sana.sy\/es\/index.php?rest_route=\/wp\/v2\/users\/24"}],"replies":[{"embeddable":true,"href":"https:\/\/archive.sana.sy\/es\/index.php?rest_route=%2Fwp%2Fv2%2Fcomments&post=230807"}],"version-history":[{"count":0,"href":"https:\/\/archive.sana.sy\/es\/index.php?rest_route=\/wp\/v2\/posts\/230807\/revisions"}],"wp:featuredmedia":[{"embeddable":true,"href":"https:\/\/archive.sana.sy\/es\/index.php?rest_route=\/wp\/v2\/media\/230671"}],"wp:attachment":[{"href":"https:\/\/archive.sana.sy\/es\/index.php?rest_route=%2Fwp%2Fv2%2Fmedia&parent=230807"}],"wp:term":[{"taxonomy":"category","embeddable":true,"href":"https:\/\/archive.sana.sy\/es\/index.php?rest_route=%2Fwp%2Fv2%2Fcategories&post=230807"},{"taxonomy":"post_tag","embeddable":true,"href":"https:\/\/archive.sana.sy\/es\/index.php?rest_route=%2Fwp%2Fv2%2Ftags&post=230807"}],"curies":[{"name":"wp","href":"https:\/\/api.w.org\/{rel}","templated":true}]}}