{"id":230830,"date":"2022-04-26T20:30:52","date_gmt":"2022-04-26T17:30:52","guid":{"rendered":"http:\/\/107.6.182.27\/es\/?p=230830"},"modified":"2022-04-26T20:30:52","modified_gmt":"2022-04-26T17:30:52","slug":"siria-participa-en-12a-edicion-del-foro-economico-euroasiatico-en-rusia","status":"publish","type":"post","link":"https:\/\/archive.sana.sy\/es\/?p=230830","title":{"rendered":"Siria participa en 12\u00aa edici\u00f3n del Foro Econ\u00f3mico Euroasi\u00e1tico en Rusia"},"content":{"rendered":"<p style=\"text-align: justify\"><span style=\"color: #800000\"><strong>Mosc\u00fa, 26 abr (SANA)<\/strong> <\/span>Se inaugur\u00f3 este martes en la ciudad rusa de Ekaterimburgolas actividades de la 12\u00aa edici\u00f3n del Foro Econ\u00f3mico Euroasi\u00e1tico.<\/p>\n<p style=\"text-align: justify\">El embajador de Siria en Mosc\u00fa, Riad Haddad, se\u00f1al\u00f3 en un discurso durante la conferencia &#8220;Di\u00e1logo sobre Igualdad&#8221; en la Universidad Econ\u00f3mica Estatal de los Urales que hablar sobre el derecho internacional sin implementarlo no tiene sentido, criticando que Occidente adopta la pol\u00edtica de fuerza y busca convertir el mundo en una jungla.<\/p>\n<p style=\"text-align: justify\">Se\u00f1al\u00f3 que miles de estudiantes sirios optan ahora por estudiar en la Federaci\u00f3n Rusa.<\/p>\n<p style=\"text-align: justify\">Cabe destacar que representante de 92 pa\u00edses participan en este foro.<\/p>\n<p style=\"text-align: justify\">la<\/p>\n","protected":false},"excerpt":{"rendered":"<p>Mosc\u00fa, 26 abr (SANA) Se inaugur\u00f3 este martes en la ciudad rusa de Ekaterimburgolas actividades de la 12\u00aa edici\u00f3n del Foro Econ\u00f3mico Euroasi\u00e1tico. El embajador de Siria en Mosc\u00fa, Riad Haddad, se\u00f1al\u00f3 en un discurso durante la conferencia &#8220;Di\u00e1logo sobre Igualdad&#8221; en la Universidad Econ\u00f3mica Estatal de los Urales que hablar sobre el derecho internacional &hellip;<\/p>\n","protected":false},"author":24,"featured_media":230831,"comment_status":"closed","ping_status":"closed","sticky":false,"template":"","format":"standard","meta":{"footnotes":""},"categories":[597,467],"tags":[],"class_list":["post-230830","post","type-post","status-publish","format-standard","has-post-thumbnail","","category-cinta-de-noticias","category-siria-y-el-mundo"],"_links":{"self":[{"href":"https:\/\/archive.sana.sy\/es\/index.php?rest_route=\/wp\/v2\/posts\/230830"}],"collection":[{"href":"https:\/\/archive.sana.sy\/es\/index.php?rest_route=\/wp\/v2\/posts"}],"about":[{"href":"https:\/\/archive.sana.sy\/es\/index.php?rest_route=\/wp\/v2\/types\/post"}],"author":[{"embeddable":true,"href":"https:\/\/archive.sana.sy\/es\/index.php?rest_route=\/wp\/v2\/users\/24"}],"replies":[{"embeddable":true,"href":"https:\/\/archive.sana.sy\/es\/index.php?rest_route=%2Fwp%2Fv2%2Fcomments&post=230830"}],"version-history":[{"count":0,"href":"https:\/\/archive.sana.sy\/es\/index.php?rest_route=\/wp\/v2\/posts\/230830\/revisions"}],"wp:featuredmedia":[{"embeddable":true,"href":"https:\/\/archive.sana.sy\/es\/index.php?rest_route=\/wp\/v2\/media\/230831"}],"wp:attachment":[{"href":"https:\/\/archive.sana.sy\/es\/index.php?rest_route=%2Fwp%2Fv2%2Fmedia&parent=230830"}],"wp:term":[{"taxonomy":"category","embeddable":true,"href":"https:\/\/archive.sana.sy\/es\/index.php?rest_route=%2Fwp%2Fv2%2Fcategories&post=230830"},{"taxonomy":"post_tag","embeddable":true,"href":"https:\/\/archive.sana.sy\/es\/index.php?rest_route=%2Fwp%2Fv2%2Ftags&post=230830"}],"curies":[{"name":"wp","href":"https:\/\/api.w.org\/{rel}","templated":true}]}}