{"id":230884,"date":"2022-04-27T10:10:54","date_gmt":"2022-04-27T07:10:54","guid":{"rendered":"http:\/\/107.6.182.27\/es\/?p=230884"},"modified":"2023-01-10T16:19:40","modified_gmt":"2023-01-10T14:19:40","slug":"pekin-tacha-de-disparatados-a-comentarios-del-ministro-de-defensa-australiano-sobre-expansion-de-china-en-el-pacifico","status":"publish","type":"post","link":"https:\/\/archive.sana.sy\/es\/?p=230884","title":{"rendered":"Pek\u00edn tacha de disparatados a comentarios del ministro de Defensa australiano sobre expansi\u00f3n de China en el Pac\u00edfico"},"content":{"rendered":"<p style=\"text-align: justify;\"><strong>Pek\u00edn, 27 abr (SANA)<\/strong> El portavoz del Ministerio de Exteriores chino, Wang Wenbin, acus\u00f3 al ministro de Defensa australiano, Peter Dutton, de calumnias despu\u00e9s de que el alto funcionario del pa\u00eds oce\u00e1nico alertara que los ciudadanos deben &#8220;prepararse para la guerra&#8221; ante el aumento de la tensi\u00f3n con Pek\u00edn.<\/p>\n<p style=\"text-align: justify;\">&#8220;Ciertos pol\u00edticos australianos est\u00e1n acostumbrados a buscar el inter\u00e9s pol\u00edtico propio haciendo comentarios disparatados que desprestigian a China y abogan por la guerra&#8221;, expres\u00f3 el portavoz, citado por RT, y tach\u00f3 esa pr\u00e1ctica de &#8220;despreciable&#8221;.<\/p>\n<p style=\"text-align: justify;\">Pek\u00edn hab\u00eda rechazado las declaraciones de Australia y EE.UU. sobre la posible construcci\u00f3n de la base en las Islas Salom\u00f3n, tach\u00e1ndolas de &#8220;pura desinformaci\u00f3n&#8221;.<\/p>\n<p style=\"text-align: justify;\"><em><strong>fm\/ws<\/strong><\/em><\/p>\n","protected":false},"excerpt":{"rendered":"<p>Pek\u00edn, 27 abr (SANA) El portavoz del Ministerio de Exteriores chino, Wang Wenbin, acus\u00f3 al ministro de Defensa australiano, Peter Dutton, de calumnias despu\u00e9s de que el alto funcionario del pa\u00eds oce\u00e1nico alertara que los ciudadanos deben &#8220;prepararse para la guerra&#8221; ante el aumento de la tensi\u00f3n con Pek\u00edn. &#8220;Ciertos pol\u00edticos australianos est\u00e1n acostumbrados a &hellip;<\/p>\n","protected":false},"author":35,"featured_media":230885,"comment_status":"closed","ping_status":"closed","sticky":false,"template":"","format":"standard","meta":{"footnotes":""},"categories":[597,456,7541],"tags":[],"class_list":["post-230884","post","type-post","status-publish","format-standard","has-post-thumbnail","","category-cinta-de-noticias","category-arabe-internacional-politica","category-ultimas-noticias"],"_links":{"self":[{"href":"https:\/\/archive.sana.sy\/es\/index.php?rest_route=\/wp\/v2\/posts\/230884"}],"collection":[{"href":"https:\/\/archive.sana.sy\/es\/index.php?rest_route=\/wp\/v2\/posts"}],"about":[{"href":"https:\/\/archive.sana.sy\/es\/index.php?rest_route=\/wp\/v2\/types\/post"}],"author":[{"embeddable":true,"href":"https:\/\/archive.sana.sy\/es\/index.php?rest_route=\/wp\/v2\/users\/35"}],"replies":[{"embeddable":true,"href":"https:\/\/archive.sana.sy\/es\/index.php?rest_route=%2Fwp%2Fv2%2Fcomments&post=230884"}],"version-history":[{"count":0,"href":"https:\/\/archive.sana.sy\/es\/index.php?rest_route=\/wp\/v2\/posts\/230884\/revisions"}],"wp:featuredmedia":[{"embeddable":true,"href":"https:\/\/archive.sana.sy\/es\/index.php?rest_route=\/wp\/v2\/media\/230885"}],"wp:attachment":[{"href":"https:\/\/archive.sana.sy\/es\/index.php?rest_route=%2Fwp%2Fv2%2Fmedia&parent=230884"}],"wp:term":[{"taxonomy":"category","embeddable":true,"href":"https:\/\/archive.sana.sy\/es\/index.php?rest_route=%2Fwp%2Fv2%2Fcategories&post=230884"},{"taxonomy":"post_tag","embeddable":true,"href":"https:\/\/archive.sana.sy\/es\/index.php?rest_route=%2Fwp%2Fv2%2Ftags&post=230884"}],"curies":[{"name":"wp","href":"https:\/\/api.w.org\/{rel}","templated":true}]}}