{"id":231001,"date":"2022-04-28T12:53:30","date_gmt":"2022-04-28T09:53:30","guid":{"rendered":"http:\/\/107.6.182.27\/es\/?p=231001"},"modified":"2022-04-28T12:53:30","modified_gmt":"2022-04-28T09:53:30","slug":"las-armas-occidentales-suministradas-a-ucrania-pueden-caer-en-manos-de-terroristas-de-la-misma-manera-que-sucedio-con-las-entregas-a-la-llamada-oposicion-moderada-siria-advirtio-la-portavoz-del","status":"publish","type":"post","link":"https:\/\/archive.sana.sy\/es\/?p=231001","title":{"rendered":"Las armas occidentales suministradas a Ucrania pueden caer en manos de terroristas, de la misma manera que sucedi\u00f3 con las entregas a la llamada &#8220;oposici\u00f3n moderada&#8221; siria, advirti\u00f3 la portavoz del Ministerio de Asuntos Exteriores de Rusia, Mar\u00eda Zaj\u00e1rova."},"content":{"rendered":"","protected":false},"excerpt":{"rendered":"","protected":false},"author":32,"featured_media":0,"comment_status":"closed","ping_status":"closed","sticky":false,"template":"","format":"standard","meta":{"footnotes":""},"categories":[596],"tags":[],"class_list":["post-231001","post","type-post","status-publish","format-standard","","category-urgente"],"_links":{"self":[{"href":"https:\/\/archive.sana.sy\/es\/index.php?rest_route=\/wp\/v2\/posts\/231001"}],"collection":[{"href":"https:\/\/archive.sana.sy\/es\/index.php?rest_route=\/wp\/v2\/posts"}],"about":[{"href":"https:\/\/archive.sana.sy\/es\/index.php?rest_route=\/wp\/v2\/types\/post"}],"author":[{"embeddable":true,"href":"https:\/\/archive.sana.sy\/es\/index.php?rest_route=\/wp\/v2\/users\/32"}],"replies":[{"embeddable":true,"href":"https:\/\/archive.sana.sy\/es\/index.php?rest_route=%2Fwp%2Fv2%2Fcomments&post=231001"}],"version-history":[{"count":0,"href":"https:\/\/archive.sana.sy\/es\/index.php?rest_route=\/wp\/v2\/posts\/231001\/revisions"}],"wp:attachment":[{"href":"https:\/\/archive.sana.sy\/es\/index.php?rest_route=%2Fwp%2Fv2%2Fmedia&parent=231001"}],"wp:term":[{"taxonomy":"category","embeddable":true,"href":"https:\/\/archive.sana.sy\/es\/index.php?rest_route=%2Fwp%2Fv2%2Fcategories&post=231001"},{"taxonomy":"post_tag","embeddable":true,"href":"https:\/\/archive.sana.sy\/es\/index.php?rest_route=%2Fwp%2Fv2%2Ftags&post=231001"}],"curies":[{"name":"wp","href":"https:\/\/api.w.org\/{rel}","templated":true}]}}