{"id":231003,"date":"2022-04-28T12:58:53","date_gmt":"2022-04-28T09:58:53","guid":{"rendered":"http:\/\/107.6.182.27\/es\/?p=231003"},"modified":"2023-01-10T16:19:37","modified_gmt":"2023-01-10T14:19:37","slug":"los-intentos-de-washington-de-considerar-a-rusia-un-estado-patrocinador-del-terrorismo-no-quedaran-sin-respuesta","status":"publish","type":"post","link":"https:\/\/archive.sana.sy\/es\/?p=231003","title":{"rendered":"Los intentos de Washington de considerar a Rusia un estado patrocinador del terrorismo no quedar\u00e1n sin respuesta"},"content":{"rendered":"<p style=\"text-align: justify;\"><strong><span style=\"color: #800000;\">Mosc\u00fa, 27 abr (SANA)<\/span> <\/strong>El Ministerio de Relaciones Exteriores de Rusia anunci\u00f3 hoy que los intentos de Estados Unidos de clasificar a Rusia como un &#8220;patrocinador estatal del terrorismo&#8221; no quedar\u00e1n sin respuesta, y calific\u00f3 esta medida de tonta.<\/p>\n<p style=\"text-align: justify;\">&#8220;Deben entender que todas las medidas que tomar\u00e1n, incluso las tontas, no quedar\u00e1n sin respuesta&#8221;, dijo hoy la portavoz del Ministerio, Mar\u00eda Zaj\u00e1rova, en una declaraci\u00f3n a los periodistas.<\/p>\n<p style=\"text-align: justify;\">El secretario de Estado de EE.UU., Anthony Blinken, anunci\u00f3 anteriormente que las autoridades de su pa\u00eds estaban dispuestas a tomar tal decisi\u00f3n a la luz de los acontecimientos en Ucrania.<\/p>\n<p style=\"text-align: justify;\">Con respecto a la posibilidad de excluir a Rusia del Consejo de Seguridad de la ONU, Zakharova dijo: &#8220;El ministro de Relaciones Exteriores, Sergei Lavrov, respondi\u00f3 que no existe tal mecanismo y no existe tal procedimiento, pero pueden inventar, hablar e inventar algunas f\u00f3rmulas&#8221;.<\/p>\n<p>fm\/ed<\/p>\n","protected":false},"excerpt":{"rendered":"<p>Mosc\u00fa, 27 abr (SANA) El Ministerio de Relaciones Exteriores de Rusia anunci\u00f3 hoy que los intentos de Estados Unidos de clasificar a Rusia como un &#8220;patrocinador estatal del terrorismo&#8221; no quedar\u00e1n sin respuesta, y calific\u00f3 esta medida de tonta. &#8220;Deben entender que todas las medidas que tomar\u00e1n, incluso las tontas, no quedar\u00e1n sin respuesta&#8221;, dijo &hellip;<\/p>\n","protected":false},"author":32,"featured_media":231004,"comment_status":"closed","ping_status":"closed","sticky":false,"template":"","format":"standard","meta":{"footnotes":""},"categories":[597,456,7541],"tags":[],"class_list":["post-231003","post","type-post","status-publish","format-standard","has-post-thumbnail","","category-cinta-de-noticias","category-arabe-internacional-politica","category-ultimas-noticias"],"_links":{"self":[{"href":"https:\/\/archive.sana.sy\/es\/index.php?rest_route=\/wp\/v2\/posts\/231003"}],"collection":[{"href":"https:\/\/archive.sana.sy\/es\/index.php?rest_route=\/wp\/v2\/posts"}],"about":[{"href":"https:\/\/archive.sana.sy\/es\/index.php?rest_route=\/wp\/v2\/types\/post"}],"author":[{"embeddable":true,"href":"https:\/\/archive.sana.sy\/es\/index.php?rest_route=\/wp\/v2\/users\/32"}],"replies":[{"embeddable":true,"href":"https:\/\/archive.sana.sy\/es\/index.php?rest_route=%2Fwp%2Fv2%2Fcomments&post=231003"}],"version-history":[{"count":0,"href":"https:\/\/archive.sana.sy\/es\/index.php?rest_route=\/wp\/v2\/posts\/231003\/revisions"}],"wp:featuredmedia":[{"embeddable":true,"href":"https:\/\/archive.sana.sy\/es\/index.php?rest_route=\/wp\/v2\/media\/231004"}],"wp:attachment":[{"href":"https:\/\/archive.sana.sy\/es\/index.php?rest_route=%2Fwp%2Fv2%2Fmedia&parent=231003"}],"wp:term":[{"taxonomy":"category","embeddable":true,"href":"https:\/\/archive.sana.sy\/es\/index.php?rest_route=%2Fwp%2Fv2%2Fcategories&post=231003"},{"taxonomy":"post_tag","embeddable":true,"href":"https:\/\/archive.sana.sy\/es\/index.php?rest_route=%2Fwp%2Fv2%2Ftags&post=231003"}],"curies":[{"name":"wp","href":"https:\/\/api.w.org\/{rel}","templated":true}]}}