{"id":231008,"date":"2022-04-28T13:20:08","date_gmt":"2022-04-28T10:20:08","guid":{"rendered":"http:\/\/107.6.182.27\/es\/?p=231008"},"modified":"2023-01-10T16:19:36","modified_gmt":"2023-01-10T14:19:36","slug":"agricultores-palestinos-agredidos-por-los-militares-israelies-en-gaza","status":"publish","type":"post","link":"https:\/\/archive.sana.sy\/es\/?p=231008","title":{"rendered":"Agricultores palestinos agredidos por los militares israel\u00edes en Gaza"},"content":{"rendered":"<p><strong><span style=\"color: #800000;\">Jerusal\u00e9n ocupada, 28 abr (SANA)\u00a0<\/span> <\/strong>\u00a0Las tropas de ocupaci\u00f3n israel\u00edes reanudaron sus ataques contra los agricultores palestinos en la Franja de Gaza.<\/p>\n<p>Medios palestinos informaron que las fuerzas del ocupante abrieron fuego contra los agricultores palestinos al este de la ciudad de Qarara en el sur de la Franja, oblig\u00e1ndolos a abandonar sus tierras.<\/p>\n<p>El \u00faltimo mi\u00e9rcoles, las fuerzas de ocupaci\u00f3n dispararon bombas de gas lacrim\u00f3genos contra los agricultores de la ciudad de Khuza&#8217;a, en el sur de la Franja de Gaza.<\/p>\n<p>ed\/fm<\/p>\n","protected":false},"excerpt":{"rendered":"<p>Jerusal\u00e9n ocupada, 28 abr (SANA)\u00a0 \u00a0Las tropas de ocupaci\u00f3n israel\u00edes reanudaron sus ataques contra los agricultores palestinos en la Franja de Gaza. Medios palestinos informaron que las fuerzas del ocupante abrieron fuego contra los agricultores palestinos al este de la ciudad de Qarara en el sur de la Franja, oblig\u00e1ndolos a abandonar sus tierras. El &hellip;<\/p>\n","protected":false},"author":32,"featured_media":231009,"comment_status":"closed","ping_status":"closed","sticky":false,"template":"","format":"standard","meta":{"footnotes":""},"categories":[597,456,7541],"tags":[],"class_list":["post-231008","post","type-post","status-publish","format-standard","has-post-thumbnail","","category-cinta-de-noticias","category-arabe-internacional-politica","category-ultimas-noticias"],"_links":{"self":[{"href":"https:\/\/archive.sana.sy\/es\/index.php?rest_route=\/wp\/v2\/posts\/231008"}],"collection":[{"href":"https:\/\/archive.sana.sy\/es\/index.php?rest_route=\/wp\/v2\/posts"}],"about":[{"href":"https:\/\/archive.sana.sy\/es\/index.php?rest_route=\/wp\/v2\/types\/post"}],"author":[{"embeddable":true,"href":"https:\/\/archive.sana.sy\/es\/index.php?rest_route=\/wp\/v2\/users\/32"}],"replies":[{"embeddable":true,"href":"https:\/\/archive.sana.sy\/es\/index.php?rest_route=%2Fwp%2Fv2%2Fcomments&post=231008"}],"version-history":[{"count":0,"href":"https:\/\/archive.sana.sy\/es\/index.php?rest_route=\/wp\/v2\/posts\/231008\/revisions"}],"wp:featuredmedia":[{"embeddable":true,"href":"https:\/\/archive.sana.sy\/es\/index.php?rest_route=\/wp\/v2\/media\/231009"}],"wp:attachment":[{"href":"https:\/\/archive.sana.sy\/es\/index.php?rest_route=%2Fwp%2Fv2%2Fmedia&parent=231008"}],"wp:term":[{"taxonomy":"category","embeddable":true,"href":"https:\/\/archive.sana.sy\/es\/index.php?rest_route=%2Fwp%2Fv2%2Fcategories&post=231008"},{"taxonomy":"post_tag","embeddable":true,"href":"https:\/\/archive.sana.sy\/es\/index.php?rest_route=%2Fwp%2Fv2%2Ftags&post=231008"}],"curies":[{"name":"wp","href":"https:\/\/api.w.org\/{rel}","templated":true}]}}