{"id":23107,"date":"2015-05-12T16:57:59","date_gmt":"2015-05-12T13:57:59","guid":{"rendered":"http:\/\/sana.sy\/es\/?p=23107"},"modified":"2015-05-12T16:59:28","modified_gmt":"2015-05-12T13:59:28","slug":"el-canciller-al-moalem-recibe-las-cartas-credenciales-del-nuevo-embajador-sudanes","status":"publish","type":"post","link":"https:\/\/archive.sana.sy\/es\/?p=23107","title":{"rendered":"El canciller al-Moalem recibe las cartas credenciales del nuevo embajador sudan\u00e9s"},"content":{"rendered":"<p><span style=\"color: #800000\">Damasco, SANA<\/span><\/p>\n<p>El canciller, Walid al-Moael recibi\u00f3 este martes las cartas credenciales del nuevo embajador extraordinario y plenipotenciario de la Rep\u00fablica de Sud\u00e1n, Khaled Ahmad Mouhamad Ali.<\/p>\n<p>La reuni\u00f3n gir\u00f3 en torno a las relaciones entre Siria y Sud\u00e1n y las v\u00edas de reforzar la cooperaci\u00f3n bilateral.<\/p>\n<p>El Canciller sirio dese\u00f3 todo \u00e9xito al nuevo embajador sudan\u00e9s en el cumplimiento de sus nuevas misiones.<\/p>\n<p>&nbsp;<br \/>\nLynn A.<\/p>\n","protected":false},"excerpt":{"rendered":"<p>Damasco, SANA El canciller, Walid al-Moael recibi\u00f3 este martes las cartas credenciales del nuevo embajador extraordinario y plenipotenciario de la Rep\u00fablica de Sud\u00e1n, Khaled Ahmad Mouhamad Ali. La reuni\u00f3n gir\u00f3 en torno a las relaciones entre Siria y Sud\u00e1n y las v\u00edas de reforzar la cooperaci\u00f3n bilateral. El Canciller sirio dese\u00f3 todo \u00e9xito al nuevo &hellip;<\/p>\n","protected":false},"author":24,"featured_media":7792,"comment_status":"closed","ping_status":"closed","sticky":false,"template":"","format":"standard","meta":{"footnotes":""},"categories":[477,597,476],"tags":[5217],"class_list":["post-23107","post","type-post","status-publish","format-standard","has-post-thumbnail","","category-noticias-edulcorantes","category-cinta-de-noticias","category-locales","tag-el-canciller-al-moalem-recibe-las-cartas-credenciales-del-nuevo-embajador-sudanes"],"_links":{"self":[{"href":"https:\/\/archive.sana.sy\/es\/index.php?rest_route=\/wp\/v2\/posts\/23107"}],"collection":[{"href":"https:\/\/archive.sana.sy\/es\/index.php?rest_route=\/wp\/v2\/posts"}],"about":[{"href":"https:\/\/archive.sana.sy\/es\/index.php?rest_route=\/wp\/v2\/types\/post"}],"author":[{"embeddable":true,"href":"https:\/\/archive.sana.sy\/es\/index.php?rest_route=\/wp\/v2\/users\/24"}],"replies":[{"embeddable":true,"href":"https:\/\/archive.sana.sy\/es\/index.php?rest_route=%2Fwp%2Fv2%2Fcomments&post=23107"}],"version-history":[{"count":0,"href":"https:\/\/archive.sana.sy\/es\/index.php?rest_route=\/wp\/v2\/posts\/23107\/revisions"}],"wp:featuredmedia":[{"embeddable":true,"href":"https:\/\/archive.sana.sy\/es\/index.php?rest_route=\/wp\/v2\/media\/7792"}],"wp:attachment":[{"href":"https:\/\/archive.sana.sy\/es\/index.php?rest_route=%2Fwp%2Fv2%2Fmedia&parent=23107"}],"wp:term":[{"taxonomy":"category","embeddable":true,"href":"https:\/\/archive.sana.sy\/es\/index.php?rest_route=%2Fwp%2Fv2%2Fcategories&post=23107"},{"taxonomy":"post_tag","embeddable":true,"href":"https:\/\/archive.sana.sy\/es\/index.php?rest_route=%2Fwp%2Fv2%2Ftags&post=23107"}],"curies":[{"name":"wp","href":"https:\/\/api.w.org\/{rel}","templated":true}]}}