{"id":231077,"date":"2022-04-28T16:46:22","date_gmt":"2022-04-28T13:46:22","guid":{"rendered":"http:\/\/107.6.182.27\/es\/?p=231077"},"modified":"2022-04-28T16:46:22","modified_gmt":"2022-04-28T13:46:22","slug":"presidente-al-assad-decreta-nombrar-un-nuevo-ministro-de-defensa","status":"publish","type":"post","link":"https:\/\/archive.sana.sy\/es\/?p=231077","title":{"rendered":"Presidente al-Assad decreta nombrar un nuevo ministro de Defensa"},"content":{"rendered":"<p style=\"text-align: justify;\"><strong>Damasco, 28 abr (SANA)<\/strong><\/p>\n<p style=\"text-align: justify;\">El presidente Bashar al-Assad emiti\u00f3 el decreto No. 115 para el a\u00f1o 2022 que estipula nombrar al general de Divisi\u00f3n Ali Mahmoud Abbas como ministro de Defensa.<\/p>\n<p style=\"text-align: justify;\"><em><strong>rsh\/ah<\/strong><\/em><\/p>\n","protected":false},"excerpt":{"rendered":"<p>Damasco, 28 abr (SANA) El presidente Bashar al-Assad emiti\u00f3 el decreto No. 115 para el a\u00f1o 2022 que estipula nombrar al general de Divisi\u00f3n Ali Mahmoud Abbas como ministro de Defensa. rsh\/ah<\/p>\n","protected":false},"author":30,"featured_media":229942,"comment_status":"closed","ping_status":"closed","sticky":false,"template":"","format":"standard","meta":{"footnotes":""},"categories":[597,16237,583,626],"tags":[],"class_list":["post-231077","post","type-post","status-publish","format-standard","has-post-thumbnail","","category-cinta-de-noticias","category-presidence-de-la-republique-arabe-syria","category-slide","category-sr-presidente"],"_links":{"self":[{"href":"https:\/\/archive.sana.sy\/es\/index.php?rest_route=\/wp\/v2\/posts\/231077"}],"collection":[{"href":"https:\/\/archive.sana.sy\/es\/index.php?rest_route=\/wp\/v2\/posts"}],"about":[{"href":"https:\/\/archive.sana.sy\/es\/index.php?rest_route=\/wp\/v2\/types\/post"}],"author":[{"embeddable":true,"href":"https:\/\/archive.sana.sy\/es\/index.php?rest_route=\/wp\/v2\/users\/30"}],"replies":[{"embeddable":true,"href":"https:\/\/archive.sana.sy\/es\/index.php?rest_route=%2Fwp%2Fv2%2Fcomments&post=231077"}],"version-history":[{"count":0,"href":"https:\/\/archive.sana.sy\/es\/index.php?rest_route=\/wp\/v2\/posts\/231077\/revisions"}],"wp:featuredmedia":[{"embeddable":true,"href":"https:\/\/archive.sana.sy\/es\/index.php?rest_route=\/wp\/v2\/media\/229942"}],"wp:attachment":[{"href":"https:\/\/archive.sana.sy\/es\/index.php?rest_route=%2Fwp%2Fv2%2Fmedia&parent=231077"}],"wp:term":[{"taxonomy":"category","embeddable":true,"href":"https:\/\/archive.sana.sy\/es\/index.php?rest_route=%2Fwp%2Fv2%2Fcategories&post=231077"},{"taxonomy":"post_tag","embeddable":true,"href":"https:\/\/archive.sana.sy\/es\/index.php?rest_route=%2Fwp%2Fv2%2Ftags&post=231077"}],"curies":[{"name":"wp","href":"https:\/\/api.w.org\/{rel}","templated":true}]}}