{"id":231083,"date":"2022-04-28T18:23:35","date_gmt":"2022-04-28T15:23:35","guid":{"rendered":"http:\/\/107.6.182.27\/es\/?p=231083"},"modified":"2022-04-28T18:32:07","modified_gmt":"2022-04-28T15:32:07","slug":"rusia-denuncia-que-la-reciente-agresion-israeli-contra-siria-viola-el-derecho-internacional","status":"publish","type":"post","link":"https:\/\/archive.sana.sy\/es\/?p=231083","title":{"rendered":"Rusia denuncia que la reciente agresi\u00f3n israel\u00ed contra Siria viola el derecho internacional"},"content":{"rendered":"<p style=\"text-align: justify;\"><strong>Damasco, 28 abr (SANA) <\/strong>El ministro de Exteriores y Expatriados, Faisal al-Mekdad abord\u00f3 en una conversaci\u00f3n telef\u00f3nica con su par ruso, Sergei Lavrov, las relaciones bilaterales entre los dos pa\u00edses y los desarrollos en los escenarios internacional y regional relacionados con la operaci\u00f3n rusa especial en Ucrania.<\/p>\n<p style=\"text-align: justify;\">El Titular de Exteriores reiter\u00f3 el apoyo de Siria a la postura de la Federaci\u00f3n Rusa en hacer frente a las pol\u00edticas occidentales basadas en la desinformaci\u00f3n y el doble rasero.<\/p>\n<p style=\"text-align: justify;\">\u201cSiria decidi\u00f3 desde hace mucho tiempo enfrentar las pol\u00edticas occidentales y sus continuos intentos para dominar el mundo y aprovecharlo para servir sus objetivos que quedaron descubiertos\u201d, ratific\u00f3 el Jefe de Diplomacia siria.<\/p>\n<p style=\"text-align: justify;\">En el mismo contexto, el Canciller ruso fustig\u00f3 que fabricar mentiras y crisis es la meta que buscan las pol\u00edticas occidentales.<\/p>\n<p>Asimismo, reafirm\u00f3 que Rusia sigue defendiendo la soberan\u00eda de los Estados, la Carta de las Naciones Unidas y la Ley Internacional.<\/p>\n<p style=\"text-align: justify;\">En un contexto relacionado, Lavrov manifest\u00f3 que las continuas agresiones israel\u00edes contra el territorio sirio, la \u00faltima de las cuales se perpetr\u00f3 contra las inmediaciones de Damasco, constituye una flagrante violaci\u00f3n de la Ley internacional.<\/p>\n<p style=\"text-align: justify;\">\u201cExpresamos nuestros m\u00e1s sinceros p\u00e9sames a las familias de los m\u00e1rtires e heridos de la reciente agresi\u00f3n\u201d, expres\u00f3.<\/p>\n<p style=\"text-align: justify;\">Los Cancilleres examinaron tambi\u00e9n todos los aspectos relacionados con consolidar las relaciones sirio-rusas en t\u00e9rminos pol\u00edticos y econ\u00f3micos, as\u00ed como la implementaci\u00f3n de todos los acuerdos alcanzados en materia de cooperaci\u00f3n econ\u00f3mica.<\/p>\n<p style=\"text-align: justify;\">Ambas partes acordaron continuar las consultas y coordinaci\u00f3n sobre las actualidades.<\/p>\n<p style=\"text-align: justify;\"><em><strong>ah\/rsh<\/strong><\/em><\/p>\n","protected":false},"excerpt":{"rendered":"<p>Damasco, 28 abr (SANA) El ministro de Exteriores y Expatriados, Faisal al-Mekdad abord\u00f3 en una conversaci\u00f3n telef\u00f3nica con su par ruso, Sergei Lavrov, las relaciones bilaterales entre los dos pa\u00edses y los desarrollos en los escenarios internacional y regional relacionados con la operaci\u00f3n rusa especial en Ucrania. El Titular de Exteriores reiter\u00f3 el apoyo de &hellip;<\/p>\n","protected":false},"author":30,"featured_media":231084,"comment_status":"closed","ping_status":"closed","sticky":false,"template":"","format":"standard","meta":{"footnotes":""},"categories":[597,467,583],"tags":[],"class_list":["post-231083","post","type-post","status-publish","format-standard","has-post-thumbnail","","category-cinta-de-noticias","category-siria-y-el-mundo","category-slide"],"_links":{"self":[{"href":"https:\/\/archive.sana.sy\/es\/index.php?rest_route=\/wp\/v2\/posts\/231083"}],"collection":[{"href":"https:\/\/archive.sana.sy\/es\/index.php?rest_route=\/wp\/v2\/posts"}],"about":[{"href":"https:\/\/archive.sana.sy\/es\/index.php?rest_route=\/wp\/v2\/types\/post"}],"author":[{"embeddable":true,"href":"https:\/\/archive.sana.sy\/es\/index.php?rest_route=\/wp\/v2\/users\/30"}],"replies":[{"embeddable":true,"href":"https:\/\/archive.sana.sy\/es\/index.php?rest_route=%2Fwp%2Fv2%2Fcomments&post=231083"}],"version-history":[{"count":0,"href":"https:\/\/archive.sana.sy\/es\/index.php?rest_route=\/wp\/v2\/posts\/231083\/revisions"}],"wp:featuredmedia":[{"embeddable":true,"href":"https:\/\/archive.sana.sy\/es\/index.php?rest_route=\/wp\/v2\/media\/231084"}],"wp:attachment":[{"href":"https:\/\/archive.sana.sy\/es\/index.php?rest_route=%2Fwp%2Fv2%2Fmedia&parent=231083"}],"wp:term":[{"taxonomy":"category","embeddable":true,"href":"https:\/\/archive.sana.sy\/es\/index.php?rest_route=%2Fwp%2Fv2%2Fcategories&post=231083"},{"taxonomy":"post_tag","embeddable":true,"href":"https:\/\/archive.sana.sy\/es\/index.php?rest_route=%2Fwp%2Fv2%2Ftags&post=231083"}],"curies":[{"name":"wp","href":"https:\/\/api.w.org\/{rel}","templated":true}]}}