{"id":231087,"date":"2022-04-28T18:32:57","date_gmt":"2022-04-28T15:32:57","guid":{"rendered":"http:\/\/107.6.182.27\/es\/?p=231087"},"modified":"2023-01-10T16:19:35","modified_gmt":"2023-01-10T14:19:35","slug":"bombardeo-ucraniano-contra-donetsk-deja-cinco-victimas-mortales-y-23-heridos","status":"publish","type":"post","link":"https:\/\/archive.sana.sy\/es\/?p=231087","title":{"rendered":"Bombardeo ucraniano contra Donetsk deja cinco v\u00edctimas mortales y 23 heridos"},"content":{"rendered":"<p style=\"text-align: justify;\"><strong>Donetsk, 28 abr (SANA) <\/strong>Cinco personas perdieron la vida mientras otras 23 resultaron heridas debido a un bombardeo ucraniano contra la regi\u00f3n de Kirovesky en la ciudad de Donetsk.<\/p>\n<p style=\"text-align: justify;\">El sitio web Russia Today cit\u00f3 al Ministerio de Salud de la Rep\u00fablica Popular de Donetsk que cuatro personas perdieron la vida directamente por el bombardeo ucraniano contra Kirovesky mientras una persona result\u00f3 muerta en el camino hacia la hospital.<\/p>\n<p style=\"text-align: justify;\">\u201cLa agresi\u00f3n lesion\u00f3 tambi\u00e9n a 23 personas entre ellas dos ni\u00f1os\u201d agreg\u00f3.<\/p>\n<p style=\"text-align: justify;\">Seg\u00fan la agencia Donetsk de noticias, el bombardeo apunt\u00f3 contra dos mercados comerciales provocando incendios.<\/p>\n<p style=\"text-align: justify;\"><em><strong>ah\/rsh<\/strong><\/em><\/p>\n","protected":false},"excerpt":{"rendered":"<p>Donetsk, 28 abr (SANA) Cinco personas perdieron la vida mientras otras 23 resultaron heridas debido a un bombardeo ucraniano contra la regi\u00f3n de Kirovesky en la ciudad de Donetsk. El sitio web Russia Today cit\u00f3 al Ministerio de Salud de la Rep\u00fablica Popular de Donetsk que cuatro personas perdieron la vida directamente por el bombardeo &hellip;<\/p>\n","protected":false},"author":30,"featured_media":231090,"comment_status":"closed","ping_status":"closed","sticky":false,"template":"","format":"standard","meta":{"footnotes":""},"categories":[597,456],"tags":[],"class_list":["post-231087","post","type-post","status-publish","format-standard","has-post-thumbnail","","category-cinta-de-noticias","category-arabe-internacional-politica"],"_links":{"self":[{"href":"https:\/\/archive.sana.sy\/es\/index.php?rest_route=\/wp\/v2\/posts\/231087"}],"collection":[{"href":"https:\/\/archive.sana.sy\/es\/index.php?rest_route=\/wp\/v2\/posts"}],"about":[{"href":"https:\/\/archive.sana.sy\/es\/index.php?rest_route=\/wp\/v2\/types\/post"}],"author":[{"embeddable":true,"href":"https:\/\/archive.sana.sy\/es\/index.php?rest_route=\/wp\/v2\/users\/30"}],"replies":[{"embeddable":true,"href":"https:\/\/archive.sana.sy\/es\/index.php?rest_route=%2Fwp%2Fv2%2Fcomments&post=231087"}],"version-history":[{"count":0,"href":"https:\/\/archive.sana.sy\/es\/index.php?rest_route=\/wp\/v2\/posts\/231087\/revisions"}],"wp:featuredmedia":[{"embeddable":true,"href":"https:\/\/archive.sana.sy\/es\/index.php?rest_route=\/wp\/v2\/media\/231090"}],"wp:attachment":[{"href":"https:\/\/archive.sana.sy\/es\/index.php?rest_route=%2Fwp%2Fv2%2Fmedia&parent=231087"}],"wp:term":[{"taxonomy":"category","embeddable":true,"href":"https:\/\/archive.sana.sy\/es\/index.php?rest_route=%2Fwp%2Fv2%2Fcategories&post=231087"},{"taxonomy":"post_tag","embeddable":true,"href":"https:\/\/archive.sana.sy\/es\/index.php?rest_route=%2Fwp%2Fv2%2Ftags&post=231087"}],"curies":[{"name":"wp","href":"https:\/\/api.w.org\/{rel}","templated":true}]}}