{"id":231096,"date":"2022-04-28T20:03:25","date_gmt":"2022-04-28T17:03:25","guid":{"rendered":"http:\/\/107.6.182.27\/es\/?p=231096"},"modified":"2022-04-28T20:03:25","modified_gmt":"2022-04-28T17:03:25","slug":"asciende-a-621-el-numero-de-aviones-no-tripulados-ucranianos-derribados-por-las-fuerzas-rusas-desde-el-inicio-de-la-operacion-militar-en-ucrania-solo-durante-el-dia-de-hoy-fueron-derribados-siete-c","status":"publish","type":"post","link":"https:\/\/archive.sana.sy\/es\/?p=231096","title":{"rendered":"Asciende a 621 el n\u00famero de aviones no tripulados ucranianos derribados por las fuerzas rusas desde el inicio de la operaci\u00f3n militar en Ucrania. S\u00f3lo durante el d\u00eda de hoy, fueron derribados siete, confirma Defensa rusa"},"content":{"rendered":"","protected":false},"excerpt":{"rendered":"","protected":false},"author":39,"featured_media":0,"comment_status":"closed","ping_status":"closed","sticky":false,"template":"","format":"standard","meta":{"footnotes":""},"categories":[596],"tags":[],"class_list":["post-231096","post","type-post","status-publish","format-standard","","category-urgente"],"_links":{"self":[{"href":"https:\/\/archive.sana.sy\/es\/index.php?rest_route=\/wp\/v2\/posts\/231096"}],"collection":[{"href":"https:\/\/archive.sana.sy\/es\/index.php?rest_route=\/wp\/v2\/posts"}],"about":[{"href":"https:\/\/archive.sana.sy\/es\/index.php?rest_route=\/wp\/v2\/types\/post"}],"author":[{"embeddable":true,"href":"https:\/\/archive.sana.sy\/es\/index.php?rest_route=\/wp\/v2\/users\/39"}],"replies":[{"embeddable":true,"href":"https:\/\/archive.sana.sy\/es\/index.php?rest_route=%2Fwp%2Fv2%2Fcomments&post=231096"}],"version-history":[{"count":0,"href":"https:\/\/archive.sana.sy\/es\/index.php?rest_route=\/wp\/v2\/posts\/231096\/revisions"}],"wp:attachment":[{"href":"https:\/\/archive.sana.sy\/es\/index.php?rest_route=%2Fwp%2Fv2%2Fmedia&parent=231096"}],"wp:term":[{"taxonomy":"category","embeddable":true,"href":"https:\/\/archive.sana.sy\/es\/index.php?rest_route=%2Fwp%2Fv2%2Fcategories&post=231096"},{"taxonomy":"post_tag","embeddable":true,"href":"https:\/\/archive.sana.sy\/es\/index.php?rest_route=%2Fwp%2Fv2%2Ftags&post=231096"}],"curies":[{"name":"wp","href":"https:\/\/api.w.org\/{rel}","templated":true}]}}