{"id":231098,"date":"2022-04-28T20:07:58","date_gmt":"2022-04-28T17:07:58","guid":{"rendered":"http:\/\/107.6.182.27\/es\/?p=231098"},"modified":"2022-04-28T20:08:03","modified_gmt":"2022-04-28T17:08:03","slug":"defensa-rusa-anuncia-la-eliminacion-de-320-efectivos-de-las-fuerzas-ucranianas-y-la-destruccion-de-76-instalaciones-militares-con-golpes-de-la-aviacion-tactica-durante-el-dia-de-hoy","status":"publish","type":"post","link":"https:\/\/archive.sana.sy\/es\/?p=231098","title":{"rendered":"Defensa rusa anuncia la eliminaci\u00f3n de 320 efectivos de las fuerzas ucranianas y la destrucci\u00f3n de 76 instalaciones militares con golpes de la aviaci\u00f3n t\u00e1ctica durante el d\u00eda de hoy"},"content":{"rendered":"","protected":false},"excerpt":{"rendered":"","protected":false},"author":39,"featured_media":0,"comment_status":"closed","ping_status":"closed","sticky":false,"template":"","format":"standard","meta":{"footnotes":""},"categories":[596],"tags":[],"class_list":["post-231098","post","type-post","status-publish","format-standard","","category-urgente"],"_links":{"self":[{"href":"https:\/\/archive.sana.sy\/es\/index.php?rest_route=\/wp\/v2\/posts\/231098"}],"collection":[{"href":"https:\/\/archive.sana.sy\/es\/index.php?rest_route=\/wp\/v2\/posts"}],"about":[{"href":"https:\/\/archive.sana.sy\/es\/index.php?rest_route=\/wp\/v2\/types\/post"}],"author":[{"embeddable":true,"href":"https:\/\/archive.sana.sy\/es\/index.php?rest_route=\/wp\/v2\/users\/39"}],"replies":[{"embeddable":true,"href":"https:\/\/archive.sana.sy\/es\/index.php?rest_route=%2Fwp%2Fv2%2Fcomments&post=231098"}],"version-history":[{"count":0,"href":"https:\/\/archive.sana.sy\/es\/index.php?rest_route=\/wp\/v2\/posts\/231098\/revisions"}],"wp:attachment":[{"href":"https:\/\/archive.sana.sy\/es\/index.php?rest_route=%2Fwp%2Fv2%2Fmedia&parent=231098"}],"wp:term":[{"taxonomy":"category","embeddable":true,"href":"https:\/\/archive.sana.sy\/es\/index.php?rest_route=%2Fwp%2Fv2%2Fcategories&post=231098"},{"taxonomy":"post_tag","embeddable":true,"href":"https:\/\/archive.sana.sy\/es\/index.php?rest_route=%2Fwp%2Fv2%2Ftags&post=231098"}],"curies":[{"name":"wp","href":"https:\/\/api.w.org\/{rel}","templated":true}]}}