{"id":231100,"date":"2022-04-28T20:17:51","date_gmt":"2022-04-28T17:17:51","guid":{"rendered":"http:\/\/107.6.182.27\/es\/?p=231100"},"modified":"2023-01-10T14:04:00","modified_gmt":"2023-01-10T12:04:00","slug":"embajadores-de-siria-iran-irak-y-palestina-en-rusia-destacan-necesidad-de-la-solidaridad-con-el-pueblo-palestino","status":"publish","type":"post","link":"https:\/\/archive.sana.sy\/es\/?p=231100","title":{"rendered":"Embajadores de Siria, Ir\u00e1n, Irak y Palestina en Rusia destacan necesidad de la solidaridad con el pueblo palestino"},"content":{"rendered":"<p style=\"text-align: justify;\"><span style=\"color: #800000;\"><strong>Mosc\u00fa, 28 abr (SANA)<\/strong><\/span><\/p>\n<p style=\"text-align: justify;\">Los embajadores de Siria, Irak, Palestina e Ir\u00e1n en Rusia destacaron hoy la importancia de la solidaridad con el pueblo palestino en su larga lucha por lograr sus derechos leg\u00edtimos para establecer su estado independiente con Jerusal\u00e9n como capital.<\/p>\n<p style=\"text-align: justify;\">El embajador de Siria en Rusia, Riad Haddad, dijo en una conferencia de prensa que junto a otros embajadores en Mosc\u00fa con motivo del D\u00eda Internacional de Quds- nombre de Jerusal\u00e9n en \u00e1rabe-: \u201cEste d\u00eda representa un recordatorio del tema central que fijamos como br\u00fajula para que confiemos en que estamos del lado correcto de la historia. Siempre tenemos que apoyar a los honorables luchadores de la resistencia que luchan para restaurar los derechos del pueblo palestino oprimido y para defender la santidad de los lugares isl\u00e1micos y cristianos por igual.<\/p>\n<p style=\"text-align: justify;\">\u201cEl D\u00eda de Quds de este a\u00f1o se produce en circunstancias excepcionales a nivel palestino e internacional, donde los ataques de la ocupaci\u00f3n sionista contra las santidades del pueblo palestino se intensifican y se practican las formas m\u00e1s horribles de opresi\u00f3n, tortura y agresi\u00f3n contra palestinos indefensos, pasando por alto todos los valores morales y las leyes internacionales, bas\u00e1ndose en el apoyo de los pa\u00edses occidentales, encabezados por Estados Unidos&#8221;, agreg\u00f3.<\/p>\n<p style=\"text-align: justify;\">Por su parte, el embajador del Estado de Palestina, Abdel Hafeez Nofal, subray\u00f3 que Palestina era y seguir\u00e1 siendo el tema \u00e1rabe central, se\u00f1alando el rechazo del enemigo israel\u00ed a todas las resoluciones internacionales que subrayan la necesidad de encontrar una soluci\u00f3n justa e integral a la cuesti\u00f3n palestina.<\/p>\n<p style=\"text-align: justify;\">El embajador iraqu\u00ed en Mosc\u00fa, Abdul Rahman Muhammad Al-Husseini, reiter\u00f3 la posici\u00f3n firme y fundamental de su pa\u00eds sobre el tema palestino, que siempre se expresa en varios foros internacionales, para lograr sus aspiraciones en su Estado independiente con Jerusal\u00e9n como su capital.<\/p>\n<p style=\"text-align: justify;\">Por su parte, el embajador iran\u00ed, Kazem Jalali, explic\u00f3 durante la conferencia que los cr\u00edmenes cometidos por el enemigo sionista contra los palestinos violan flagrantemente los principios y derechos humanitarios internacionales, destacando que el pueblo palestino, como todos los pueblos del mundo, tiene derecho a la autodeterminaci\u00f3n y a protegerse de la opresi\u00f3n, la agresi\u00f3n y la dominaci\u00f3n israel\u00ed.<\/p>\n<p style=\"text-align: justify;\">En su intervenci\u00f3n, el vicepresidente del Consejo de Muftis en Rusia, Roshan Abbasov, llam\u00f3 la atenci\u00f3n sobre lo que estamos presenciando estos d\u00edas en el mes de Ramad\u00e1n de ataques israel\u00edes contra el pueblo de Palestina, especialmente en la ciudad de Jerusal\u00e9n, donde est\u00e1n expuestos diariamente a torturas y persecuciones en flagrante violaci\u00f3n de leyes, estatutos y normas humanitarias e internacionales.<\/p>\n<p style=\"text-align: justify;\">En una entrevista con el reportero de SANA en Mosc\u00fa, el embajador del Estado de Palestina, Abdel Hafeez Nofal, confirm\u00f3 que Siria ocupa un lugar especial en el coraz\u00f3n de cada palestino.<\/p>\n<p style=\"text-align: justify;\">\u201cEstamos seguros de que el pueblo sirio fue y seguir\u00e1 siendo solidario y con Palestina y su pueblo\u201d, dijo.<\/p>\n<p style=\"text-align: justify;\">sm<\/p>\n","protected":false},"excerpt":{"rendered":"<p>Mosc\u00fa, 28 abr (SANA) Los embajadores de Siria, Irak, Palestina e Ir\u00e1n en Rusia destacaron hoy la importancia de la solidaridad con el pueblo palestino en su larga lucha por lograr sus derechos leg\u00edtimos para establecer su estado independiente con Jerusal\u00e9n como capital. El embajador de Siria en Rusia, Riad Haddad, dijo en una conferencia &hellip;<\/p>\n","protected":false},"author":39,"featured_media":231101,"comment_status":"closed","ping_status":"closed","sticky":false,"template":"","format":"standard","meta":{"footnotes":""},"categories":[447,597,457,467,7541],"tags":[],"class_list":["post-231100","post","type-post","status-publish","format-standard","has-post-thumbnail","","category-local-politica","category-cinta-de-noticias","category-noticias-arabe-internacional-politica","category-siria-y-el-mundo","category-ultimas-noticias"],"_links":{"self":[{"href":"https:\/\/archive.sana.sy\/es\/index.php?rest_route=\/wp\/v2\/posts\/231100"}],"collection":[{"href":"https:\/\/archive.sana.sy\/es\/index.php?rest_route=\/wp\/v2\/posts"}],"about":[{"href":"https:\/\/archive.sana.sy\/es\/index.php?rest_route=\/wp\/v2\/types\/post"}],"author":[{"embeddable":true,"href":"https:\/\/archive.sana.sy\/es\/index.php?rest_route=\/wp\/v2\/users\/39"}],"replies":[{"embeddable":true,"href":"https:\/\/archive.sana.sy\/es\/index.php?rest_route=%2Fwp%2Fv2%2Fcomments&post=231100"}],"version-history":[{"count":0,"href":"https:\/\/archive.sana.sy\/es\/index.php?rest_route=\/wp\/v2\/posts\/231100\/revisions"}],"wp:featuredmedia":[{"embeddable":true,"href":"https:\/\/archive.sana.sy\/es\/index.php?rest_route=\/wp\/v2\/media\/231101"}],"wp:attachment":[{"href":"https:\/\/archive.sana.sy\/es\/index.php?rest_route=%2Fwp%2Fv2%2Fmedia&parent=231100"}],"wp:term":[{"taxonomy":"category","embeddable":true,"href":"https:\/\/archive.sana.sy\/es\/index.php?rest_route=%2Fwp%2Fv2%2Fcategories&post=231100"},{"taxonomy":"post_tag","embeddable":true,"href":"https:\/\/archive.sana.sy\/es\/index.php?rest_route=%2Fwp%2Fv2%2Ftags&post=231100"}],"curies":[{"name":"wp","href":"https:\/\/api.w.org\/{rel}","templated":true}]}}