{"id":231114,"date":"2022-04-28T21:22:26","date_gmt":"2022-04-28T18:22:26","guid":{"rendered":"http:\/\/107.6.182.27\/es\/?p=231114"},"modified":"2023-01-10T14:04:00","modified_gmt":"2023-01-10T12:04:00","slug":"canciller-paraguayo-recibe-copia-de-las-cartas-credenciales-del-embajador-sirio-no-residente-en-paraguay","status":"publish","type":"post","link":"https:\/\/archive.sana.sy\/es\/?p=231114","title":{"rendered":"Canciller paraguayo recibe copia de las cartas credenciales del embajador sirio no residente en Paraguay"},"content":{"rendered":"<p style=\"text-align: justify;\"><span style=\"color: #800000;\"><strong>Asunci\u00f3n, 28 abr (SANA)\u00a0<\/strong><\/span> \u00a0El ministro de Relaciones Exteriores de Paraguay, Euclides Acevedo, recibi\u00f3 este jueves a Sami Salameh, Embajador no residente de la Rep\u00fablica \u00c1rabe Siria en Paraguay, en la sede del Ministerio de Relaciones Exteriores de este pa\u00eds sudamericano.<\/p>\n<p><img loading=\"lazy\" decoding=\"async\" class=\"size-medium wp-image-231115 alignright\" src=\"http:\/\/107.6.182.27\/es\/wp-content\/uploads\/2022\/04\/photo_2022-04-28_20-18-59-293x300.jpg\" alt=\"\" width=\"293\" height=\"300\" srcset=\"https:\/\/archive.sana.sy\/es\/wp-content\/uploads\/2022\/04\/photo_2022-04-28_20-18-59-293x300.jpg 293w, https:\/\/archive.sana.sy\/es\/wp-content\/uploads\/2022\/04\/photo_2022-04-28_20-18-59-999x1024.jpg 999w, https:\/\/archive.sana.sy\/es\/wp-content\/uploads\/2022\/04\/photo_2022-04-28_20-18-59-146x150.jpg 146w, https:\/\/archive.sana.sy\/es\/wp-content\/uploads\/2022\/04\/photo_2022-04-28_20-18-59-768x787.jpg 768w, https:\/\/archive.sana.sy\/es\/wp-content\/uploads\/2022\/04\/photo_2022-04-28_20-18-59.jpg 1124w\" sizes=\"(max-width: 293px) 100vw, 293px\" \/><\/p>\n<p style=\"text-align: justify;\">El Canciller recibi\u00f3 una copia de las credenciales en un acto que cont\u00f3 con la presencia del Director del Departamento de Medio Oriente y \u00c1frica del Norte, el Director del Departamento de Protocolo y varios asesores.<\/p>\n<p style=\"text-align: justify;\">El embajador sirio estuvo acompa\u00f1ado por los c\u00f3nsules honorarios de la Rep\u00fablica \u00c1rabe Siria en Asunci\u00f3n y Ciudad del Este, y el c\u00f3nsul honorario de Paraguay en Damasco.<\/p>\n<p style=\"text-align: justify;\">El Ministro destac\u00f3 las relaciones entre los dos pa\u00edses amigos y subray\u00f3 la necesidad de fortalecerlas al servicio de los intereses comunes de los dos pa\u00edses y pueblos.<\/p>\n<p style=\"text-align: justify;\">Elogi\u00f3 el importante papel de la comunidad siria en los diversos sectores lo que contribuye al proceso de desarrollo en Paraguay.<\/p>\n<p style=\"text-align: justify;\">El jefe de la diplomacia paraguaya enfatiz\u00f3 la necesidad de mejorar la cooperaci\u00f3n econ\u00f3mica y comercial entre los dos pa\u00edses, ya sea a trav\u00e9s del comercio o las inversiones intrarregionales.<\/p>\n<p style=\"text-align: justify;\">Asimismo, manifest\u00f3 su alegr\u00eda por la recuperaci\u00f3n de la estabilidad de Siria y por los notables desarrollos a nivel pol\u00edtico y diplom\u00e1tico.<\/p>\n<p style=\"text-align: justify;\">fm\/sm<\/p>\n","protected":false},"excerpt":{"rendered":"<p>Asunci\u00f3n, 28 abr (SANA)\u00a0 \u00a0El ministro de Relaciones Exteriores de Paraguay, Euclides Acevedo, recibi\u00f3 este jueves a Sami Salameh, Embajador no residente de la Rep\u00fablica \u00c1rabe Siria en Paraguay, en la sede del Ministerio de Relaciones Exteriores de este pa\u00eds sudamericano. El Canciller recibi\u00f3 una copia de las credenciales en un acto que cont\u00f3 con &hellip;<\/p>\n","protected":false},"author":39,"featured_media":231116,"comment_status":"closed","ping_status":"closed","sticky":false,"template":"","format":"standard","meta":{"footnotes":""},"categories":[447,597,467,7541],"tags":[],"class_list":["post-231114","post","type-post","status-publish","format-standard","has-post-thumbnail","","category-local-politica","category-cinta-de-noticias","category-siria-y-el-mundo","category-ultimas-noticias"],"_links":{"self":[{"href":"https:\/\/archive.sana.sy\/es\/index.php?rest_route=\/wp\/v2\/posts\/231114"}],"collection":[{"href":"https:\/\/archive.sana.sy\/es\/index.php?rest_route=\/wp\/v2\/posts"}],"about":[{"href":"https:\/\/archive.sana.sy\/es\/index.php?rest_route=\/wp\/v2\/types\/post"}],"author":[{"embeddable":true,"href":"https:\/\/archive.sana.sy\/es\/index.php?rest_route=\/wp\/v2\/users\/39"}],"replies":[{"embeddable":true,"href":"https:\/\/archive.sana.sy\/es\/index.php?rest_route=%2Fwp%2Fv2%2Fcomments&post=231114"}],"version-history":[{"count":0,"href":"https:\/\/archive.sana.sy\/es\/index.php?rest_route=\/wp\/v2\/posts\/231114\/revisions"}],"wp:featuredmedia":[{"embeddable":true,"href":"https:\/\/archive.sana.sy\/es\/index.php?rest_route=\/wp\/v2\/media\/231116"}],"wp:attachment":[{"href":"https:\/\/archive.sana.sy\/es\/index.php?rest_route=%2Fwp%2Fv2%2Fmedia&parent=231114"}],"wp:term":[{"taxonomy":"category","embeddable":true,"href":"https:\/\/archive.sana.sy\/es\/index.php?rest_route=%2Fwp%2Fv2%2Fcategories&post=231114"},{"taxonomy":"post_tag","embeddable":true,"href":"https:\/\/archive.sana.sy\/es\/index.php?rest_route=%2Fwp%2Fv2%2Ftags&post=231114"}],"curies":[{"name":"wp","href":"https:\/\/api.w.org\/{rel}","templated":true}]}}