{"id":23112,"date":"2015-05-12T17:11:23","date_gmt":"2015-05-12T14:11:23","guid":{"rendered":"http:\/\/sana.sy\/es\/?p=23112"},"modified":"2015-05-12T18:05:54","modified_gmt":"2015-05-12T15:05:54","slug":"departamento-antidroga-intercepta-un-camion-con-grandes-cantidades-de-hachis","status":"publish","type":"post","link":"https:\/\/archive.sana.sy\/es\/?p=23112","title":{"rendered":"Departamento Antidroga intercepta un cami\u00f3n con grandes cantidades de hach\u00eds"},"content":{"rendered":"<p><span style=\"color: #800000\">Damasco, SANA<\/span><\/p>\n<p>Un comunicado del Ministerio del Interior inform\u00f3 que el Departamento Antidroga intercept\u00f3 este martes en la capital Damasco un cami\u00f3n con alrededor de una tonelada de hach\u00eds que iba a ser contrabandeada al exterior.<\/p>\n<p>El Ministerio confirm\u00f3 tambi\u00e9n el arresto del hombre\u00a0que conduc\u00eda diho cami\u00f3n.<\/p>\n<p>Es de se\u00f1alar que las fuerzas de seguridad hab\u00edan arrestado ayer el lunes a nueve personas en Damasco y les confiscaron 15,250 kg de hach\u00eds, un fusil y dos pistolas.<\/p>\n<p>&nbsp;<br \/>\nLynn A.<\/p>\n","protected":false},"excerpt":{"rendered":"<p>Damasco, SANA Un comunicado del Ministerio del Interior inform\u00f3 que el Departamento Antidroga intercept\u00f3 este martes en la capital Damasco un cami\u00f3n con alrededor de una tonelada de hach\u00eds que iba a ser contrabandeada al exterior. El Ministerio confirm\u00f3 tambi\u00e9n el arresto del hombre\u00a0que conduc\u00eda diho cami\u00f3n. Es de se\u00f1alar que las fuerzas de seguridad &hellip;<\/p>\n","protected":false},"author":24,"featured_media":6557,"comment_status":"closed","ping_status":"closed","sticky":false,"template":"","format":"standard","meta":{"footnotes":""},"categories":[477,476],"tags":[5218],"class_list":["post-23112","post","type-post","status-publish","format-standard","has-post-thumbnail","","category-noticias-edulcorantes","category-locales","tag-departamento-antidroga-intercepta-un-camion-con-grandes-cantidades-de-hachis"],"_links":{"self":[{"href":"https:\/\/archive.sana.sy\/es\/index.php?rest_route=\/wp\/v2\/posts\/23112"}],"collection":[{"href":"https:\/\/archive.sana.sy\/es\/index.php?rest_route=\/wp\/v2\/posts"}],"about":[{"href":"https:\/\/archive.sana.sy\/es\/index.php?rest_route=\/wp\/v2\/types\/post"}],"author":[{"embeddable":true,"href":"https:\/\/archive.sana.sy\/es\/index.php?rest_route=\/wp\/v2\/users\/24"}],"replies":[{"embeddable":true,"href":"https:\/\/archive.sana.sy\/es\/index.php?rest_route=%2Fwp%2Fv2%2Fcomments&post=23112"}],"version-history":[{"count":0,"href":"https:\/\/archive.sana.sy\/es\/index.php?rest_route=\/wp\/v2\/posts\/23112\/revisions"}],"wp:featuredmedia":[{"embeddable":true,"href":"https:\/\/archive.sana.sy\/es\/index.php?rest_route=\/wp\/v2\/media\/6557"}],"wp:attachment":[{"href":"https:\/\/archive.sana.sy\/es\/index.php?rest_route=%2Fwp%2Fv2%2Fmedia&parent=23112"}],"wp:term":[{"taxonomy":"category","embeddable":true,"href":"https:\/\/archive.sana.sy\/es\/index.php?rest_route=%2Fwp%2Fv2%2Fcategories&post=23112"},{"taxonomy":"post_tag","embeddable":true,"href":"https:\/\/archive.sana.sy\/es\/index.php?rest_route=%2Fwp%2Fv2%2Ftags&post=23112"}],"curies":[{"name":"wp","href":"https:\/\/api.w.org\/{rel}","templated":true}]}}