{"id":231220,"date":"2022-04-29T15:40:31","date_gmt":"2022-04-29T12:40:31","guid":{"rendered":"http:\/\/107.6.182.27\/es\/?p=231220"},"modified":"2023-01-10T16:19:32","modified_gmt":"2023-01-10T14:19:32","slug":"rusia-publica-nuevos-documentos-sobre-el-suicidio-de-hitler","status":"publish","type":"post","link":"https:\/\/archive.sana.sy\/es\/?p=231220","title":{"rendered":"Rusia publica nuevos documentos sobre el suicidio de Hitler"},"content":{"rendered":"<blockquote>\n<p style=\"text-align: justify;\">&#8220;El 30 de abril, Hitler me llam\u00f3 a m\u00ed y a mi asistente el teniente coronel Betz, me recibi\u00f3 en el pasillo, me llev\u00f3 a su habitaci\u00f3n y me dijo que quer\u00eda despedirse de m\u00ed y agradecerme por todos los a\u00f1os de servicio,&#8221; revel\u00f3 Bauer.<\/p>\n<\/blockquote>\n<p style=\"text-align: justify;\"><span style=\"color: #800000;\"><strong>Mosc\u00fa, 29 abr (SANA)\u00a0<\/strong> <\/span>El Servicio de Seguridad Federal de Rusia ha publicado nuevos documentos que confirman el suicidio del l\u00edder de la Alemania nazi (Adolf Hitler) en abril de 1945, y revelan sus \u00faltimos encuentros y detalles de los \u00faltimos momentos de su vida.<\/p>\n<p style=\"text-align: justify;\">Los documentos, seg\u00fan inform\u00f3 RIA Novosti, estaban dentro del expediente de interrogaci\u00f3n con el ex piloto personal de Hitler, quien ocup\u00f3 un alto cargo en el servicio policial, llamado (Gans Bauer).<\/p>\n<p style=\"text-align: justify;\">Seg\u00fan escribi\u00f3 Bauer durante el interrogatorio, el c\u00edrculo \u00edntimo de Hitler, que estuvo junto a \u00e9l en el s\u00f3tano de la Canciller\u00eda del Reich en Berl\u00edn hasta finales de abril de 1945, desconoc\u00eda las intenciones finales de su l\u00edder.<\/p>\n<p style=\"text-align: justify;\">&#8220;El 30 de abril, Hitler me llam\u00f3 a m\u00ed y a mi asistente el teniente coronel Betz, me recibi\u00f3 en el pasillo, me llev\u00f3 a su habitaci\u00f3n y me dijo que quer\u00eda despedirse de m\u00ed y agradecerme por todos los a\u00f1os de servicio,&#8221; revel\u00f3 Bauer.<\/p>\n<p style=\"text-align: justify;\">\u201cHitler se envejeci\u00f3 y estaba muy cansado, le temblaban las manos y para m\u00ed estaba claro que hab\u00eda tomado la decisi\u00f3n final de suicidarse\u201d, agreg\u00f3 Bauer, refiri\u00e9ndose a su intento de disuadirlo de suicidarse, pero Hitler respondi\u00f3: &#8220;Mis soldados no pueden resistir, ni quieren seguir&#8230; No puedo soportarlo m\u00e1s&#8221;.<\/p>\n<p style=\"text-align: justify;\">&#8220;Las \u00faltimas palabras que escuch\u00f3 de Hitler antes de que \u00e9l le diera la mano y saliera, fueron: Un d\u00eda despu\u00e9s de eso, tendr\u00e1n que escribir en mi l\u00e1pida que he sido v\u00edctima de mis generales&#8221;, dijo Bauer<\/p>\n<p style=\"text-align: justify;\">Dos horas despu\u00e9s de su conversaci\u00f3n con Hitler, Bauer regres\u00f3 al s\u00f3tano para recoger una foto y dijo: &#8220;Frente las habitaciones privadas estaba lleno de humo, ya que los cuerpos de Hitler y su esposa estaban envueltos en mantas, y fueron quemados tras echarle gasolina en el jard\u00edn de la Canciller\u00eda\u201d.<\/p>\n<p style=\"text-align: justify;\">sm\/fm<\/p>\n","protected":false},"excerpt":{"rendered":"<p>&#8220;El 30 de abril, Hitler me llam\u00f3 a m\u00ed y a mi asistente el teniente coronel Betz, me recibi\u00f3 en el pasillo, me llev\u00f3 a su habitaci\u00f3n y me dijo que quer\u00eda despedirse de m\u00ed y agradecerme por todos los a\u00f1os de servicio,&#8221; revel\u00f3 Bauer. Mosc\u00fa, 29 abr (SANA)\u00a0 El Servicio de Seguridad Federal de &hellip;<\/p>\n","protected":false},"author":39,"featured_media":231221,"comment_status":"closed","ping_status":"closed","sticky":false,"template":"","format":"standard","meta":{"footnotes":""},"categories":[597,456],"tags":[],"class_list":["post-231220","post","type-post","status-publish","format-standard","has-post-thumbnail","","category-cinta-de-noticias","category-arabe-internacional-politica"],"_links":{"self":[{"href":"https:\/\/archive.sana.sy\/es\/index.php?rest_route=\/wp\/v2\/posts\/231220"}],"collection":[{"href":"https:\/\/archive.sana.sy\/es\/index.php?rest_route=\/wp\/v2\/posts"}],"about":[{"href":"https:\/\/archive.sana.sy\/es\/index.php?rest_route=\/wp\/v2\/types\/post"}],"author":[{"embeddable":true,"href":"https:\/\/archive.sana.sy\/es\/index.php?rest_route=\/wp\/v2\/users\/39"}],"replies":[{"embeddable":true,"href":"https:\/\/archive.sana.sy\/es\/index.php?rest_route=%2Fwp%2Fv2%2Fcomments&post=231220"}],"version-history":[{"count":0,"href":"https:\/\/archive.sana.sy\/es\/index.php?rest_route=\/wp\/v2\/posts\/231220\/revisions"}],"wp:featuredmedia":[{"embeddable":true,"href":"https:\/\/archive.sana.sy\/es\/index.php?rest_route=\/wp\/v2\/media\/231221"}],"wp:attachment":[{"href":"https:\/\/archive.sana.sy\/es\/index.php?rest_route=%2Fwp%2Fv2%2Fmedia&parent=231220"}],"wp:term":[{"taxonomy":"category","embeddable":true,"href":"https:\/\/archive.sana.sy\/es\/index.php?rest_route=%2Fwp%2Fv2%2Fcategories&post=231220"},{"taxonomy":"post_tag","embeddable":true,"href":"https:\/\/archive.sana.sy\/es\/index.php?rest_route=%2Fwp%2Fv2%2Ftags&post=231220"}],"curies":[{"name":"wp","href":"https:\/\/api.w.org\/{rel}","templated":true}]}}