{"id":231229,"date":"2022-04-29T16:26:43","date_gmt":"2022-04-29T13:26:43","guid":{"rendered":"http:\/\/107.6.182.27\/es\/?p=231229"},"modified":"2023-01-10T16:19:32","modified_gmt":"2023-01-10T14:19:32","slug":"la-economia-y-las-malas-noticias-para-biden-en-estados-unidos","status":"publish","type":"post","link":"https:\/\/archive.sana.sy\/es\/?p=231229","title":{"rendered":"La econom\u00eda y las malas noticias para Biden en Estados Unidos"},"content":{"rendered":"<blockquote>\n<p style=\"text-align: justify;\">La econom\u00eda es la br\u00fajula que gu\u00eda el voto de los estadounidenses en las elecciones presidenciales y las de medio t\u00e9rmino, marca inclinaci\u00f3n de los electores y la victoria de los candidatos.<\/p>\n<p style=\"text-align: justify;\">Ahora hay que esperar a ver c\u00f3mo reacciona la poblaci\u00f3n a la contracci\u00f3n del PIB, m\u00e1s cuando un n\u00famero creciente de votantes se volvi\u00f3 contra la gesti\u00f3n de la econom\u00eda por parte de Biden, seg\u00fan recientes encuestas.<\/p>\n<\/blockquote>\n<p style=\"text-align: justify;\"><span style=\"color: #800000;\"><strong>Damasco, 29 abr (SANA)\u00a0<\/strong> <\/span>La econom\u00eda es la br\u00fajula que gu\u00eda el voto de los estadounidenses en las elecciones presidenciales y las de medio t\u00e9rmino, marca inclinaci\u00f3n de los electores y la victoria de los candidatos.<\/p>\n<p style=\"text-align: justify;\">Hasta ahora el presidente Joe Biden confi\u00f3 en que un robustecido mercado de trabajo era una carta fuerte para sus planes de reelecci\u00f3n en 2024 y en el inmediato noviembre cuando est\u00e1 en juego el control del Congreso.<\/p>\n<p style=\"text-align: justify;\">La tasa de desempleo en marzo fue 3,6 por ciento, la m\u00e1s baja desde el inicio de la pandemia y dos d\u00e9cimas por debajo del mes anterior, inform\u00f3 la Oficina de Estad\u00edsticas Laborales (BLS).<\/p>\n<p style=\"text-align: justify;\">Sin embargo, todo no es color de rosa para el mandatario dem\u00f3crata. La v\u00edspera el Departamento de Comercio anunci\u00f3 que la econom\u00eda se contrajo en los tres primeros meses del a\u00f1o.<\/p>\n<p style=\"text-align: justify;\">El producto interior bruto, ajustado a la inflaci\u00f3n, cay\u00f3 un 0,4 por ciento en el primer trimestre, el primer descenso desde los primeros d\u00edas de la pandemia de Covid-19, y un fuerte retroceso respecto al r\u00e1pido crecimiento del 1,7 por ciento de los tres \u00faltimos meses de 2021.<\/p>\n<p style=\"text-align: justify;\">La presi\u00f3n del presidente Biden para vender a los estadounidenses su historial econ\u00f3mico acaba de complicarse, valor\u00f3 el diario The Hill.<\/p>\n<p style=\"text-align: justify;\">Es para alarmarse, pues enfrentado a fracasos en su agenda de gobierno, en especial en la aprobaci\u00f3n de programas sociales y del tratamiento a fen\u00f3menos como el cambio clim\u00e1tico, en los n\u00fameros que los estadounidenses vinculan a su voto, la econom\u00eda, es puntera.<\/p>\n<p style=\"text-align: justify;\">Algunas encuestas se\u00f1alan que para el 79 por ciento de los electores la econom\u00eda es su principal preocupaci\u00f3n, seguida por la sanidad con un 68 por ciento.<\/p>\n<p style=\"text-align: justify;\">Ya los dem\u00f3cratas sufrieron en algunos comicios durante 2021, perdieron la gobernaci\u00f3n de Virginia y se llevaron Nueva Jersey por estrecho margen, lo que indica que el denominado partido azul pierde terreno frente a sus rivales republicanos o rojos.<\/p>\n<p style=\"text-align: justify;\">No obstante, la cifra negativa enmascar\u00f3 la evidencia de una recuperaci\u00f3n que, seg\u00fan los economistas, sigue siendo fundamentalmente s\u00f3lida, indic\u00f3 el diario The New York Times.<\/p>\n<p style=\"text-align: justify;\">El descenso -un 1,4% en t\u00e9rminos anualizados- se debi\u00f3 principalmente a la forma en que figuran los inventarios y el comercio en el c\u00e1lculo, as\u00ed como a la reducci\u00f3n del gasto p\u00fablico a medida que se reducen los esfuerzos de ayuda por la Covid-19. Las medidas de la demanda subyacente mostraron un s\u00f3lido crecimiento, sostuvo el Times.<\/p>\n<p style=\"text-align: justify;\">Lo m\u00e1s importante es que el gasto de los consumidores, el motor de la econom\u00eda estadounidense, creci\u00f3 un 0,7 por ciento en el primer trimestre, a pesar de la subida de los precios de la gasolina y de otra ola del coronavirus SARS-CoV-2 causante de la enfermedad, que restringi\u00f3 el gasto en restaurantes, viajes y servicios similares en enero.<\/p>\n<p style=\"text-align: justify;\">\u00abEl gasto de los consumidores es el portaaviones en medio del oc\u00e9ano: sigue avanzando\u00bb, dijo Jay Bryson, economista jefe de Wells Fargo.<\/p>\n<p style=\"text-align: justify;\">Pero, los economistas advierten, esa resistencia podr\u00eda ponerse a prueba en los pr\u00f3ximos meses, ya que la inflaci\u00f3n m\u00e1s r\u00e1pida de las \u00faltimas cuatro d\u00e9cadas hace mella. Los precios al consumo subieron a un ritmo anual del siete por ciento en el primer trimestre, y los ingresos de la poblaci\u00f3n cayeron por cuarto trimestre consecutivo.<\/p>\n<p style=\"text-align: justify;\">El Times en su valoraci\u00f3n se\u00f1al\u00f3 que el porcentaje de estadounidenses que considera la inflaci\u00f3n como el problema financiero m\u00e1s importante de su hogar alcanz\u00f3 un r\u00e9cord en una encuesta de Gallup publicada el jueves. Un 46 por ciento calific\u00f3 positivamente sus finanzas personales, lo que supone un descenso con respecto al 57 por ciento de hace un a\u00f1o.<\/p>\n<p style=\"text-align: justify;\">Hay que tener en cuenta que ya no hay para la mayor\u00eda de los hogares beneficios de las rondas de ayudas federales directas por la Covid-19.<\/p>\n<p style=\"text-align: justify;\">Ahora hay que esperar a ver c\u00f3mo reacciona la poblaci\u00f3n a la contracci\u00f3n del PIB, m\u00e1s cuando un n\u00famero creciente de votantes se volvi\u00f3 contra la gesti\u00f3n de la econom\u00eda por parte de Biden, seg\u00fan recientes encuestas.<\/p>\n<p style=\"text-align: justify;\"><strong>Fuente: Prensa Latina<\/strong><\/p>\n","protected":false},"excerpt":{"rendered":"<p>La econom\u00eda es la br\u00fajula que gu\u00eda el voto de los estadounidenses en las elecciones presidenciales y las de medio t\u00e9rmino, marca inclinaci\u00f3n de los electores y la victoria de los candidatos. Ahora hay que esperar a ver c\u00f3mo reacciona la poblaci\u00f3n a la contracci\u00f3n del PIB, m\u00e1s cuando un n\u00famero creciente de votantes se &hellip;<\/p>\n","protected":false},"author":39,"featured_media":231230,"comment_status":"closed","ping_status":"closed","sticky":false,"template":"","format":"standard","meta":{"footnotes":""},"categories":[597,16686,485,456,7541],"tags":[],"class_list":["post-231229","post","type-post","status-publish","format-standard","has-post-thumbnail","","category-cinta-de-noticias","category-economia","category-informes-negocios-y-finanzas","category-arabe-internacional-politica","category-ultimas-noticias"],"_links":{"self":[{"href":"https:\/\/archive.sana.sy\/es\/index.php?rest_route=\/wp\/v2\/posts\/231229"}],"collection":[{"href":"https:\/\/archive.sana.sy\/es\/index.php?rest_route=\/wp\/v2\/posts"}],"about":[{"href":"https:\/\/archive.sana.sy\/es\/index.php?rest_route=\/wp\/v2\/types\/post"}],"author":[{"embeddable":true,"href":"https:\/\/archive.sana.sy\/es\/index.php?rest_route=\/wp\/v2\/users\/39"}],"replies":[{"embeddable":true,"href":"https:\/\/archive.sana.sy\/es\/index.php?rest_route=%2Fwp%2Fv2%2Fcomments&post=231229"}],"version-history":[{"count":0,"href":"https:\/\/archive.sana.sy\/es\/index.php?rest_route=\/wp\/v2\/posts\/231229\/revisions"}],"wp:featuredmedia":[{"embeddable":true,"href":"https:\/\/archive.sana.sy\/es\/index.php?rest_route=\/wp\/v2\/media\/231230"}],"wp:attachment":[{"href":"https:\/\/archive.sana.sy\/es\/index.php?rest_route=%2Fwp%2Fv2%2Fmedia&parent=231229"}],"wp:term":[{"taxonomy":"category","embeddable":true,"href":"https:\/\/archive.sana.sy\/es\/index.php?rest_route=%2Fwp%2Fv2%2Fcategories&post=231229"},{"taxonomy":"post_tag","embeddable":true,"href":"https:\/\/archive.sana.sy\/es\/index.php?rest_route=%2Fwp%2Fv2%2Ftags&post=231229"}],"curies":[{"name":"wp","href":"https:\/\/api.w.org\/{rel}","templated":true}]}}