{"id":231234,"date":"2022-04-29T16:43:54","date_gmt":"2022-04-29T13:43:54","guid":{"rendered":"http:\/\/107.6.182.27\/es\/?p=231234"},"modified":"2023-01-10T14:03:59","modified_gmt":"2023-01-10T12:03:59","slug":"siria-califica-de-hipocrita-falsa-y-tergiversadora-a-postura-de-la-ue-sobre-convencion-de-armas-quimicas","status":"publish","type":"post","link":"https:\/\/archive.sana.sy\/es\/?p=231234","title":{"rendered":"Siria califica de hip\u00f3crita, falsa y tergiversadora a postura de la UE sobre Convenci\u00f3n de Armas Qu\u00edmicas"},"content":{"rendered":"<blockquote>\n<p style=\"text-align: justify;\">La declaraci\u00f3n enfatiz\u00f3 que los pa\u00edses occidentales, encabezados por Estados Unidos, deber\u00edan rendir cuentas por el uso de armas de destrucci\u00f3n masiva y por los cr\u00edmenes de lesa humanidad que cometieron, en flagrante violaci\u00f3n del derecho internacional y la Carta de las Naciones Unidas.<\/p>\n<\/blockquote>\n<p style=\"text-align: justify;\"><span style=\"color: #800000;\"><strong>Damasco, 29 abr (SANA)<\/strong> <\/span>El Ministerio de Exteriores y Expatriados de Siria declar\u00f3 hoy que \u201clograr la universalidad de la Convenci\u00f3n sobre Armas Qu\u00edmicas representa un paso muy importante para asegurar \u201cestablecer un orden global efectivo contra las armas qu\u00edmicas\u201d.<\/p>\n<p style=\"text-align: justify;\">\u201cEllo no se lograr\u00e1 sin obligar \u201cIsrael\u201d a unirse al Tratados de Armas Qu\u00edmicas y poner sus armas nucleares, qu\u00edmicas y biol\u00f3gicas bajo control internacional\u201d, manifest\u00f3 Canciller\u00eda siria por medio de una declaraci\u00f3n hecha p\u00fablica hoy viernes.<\/p>\n<p style=\"text-align: justify;\">Canciller\u00eda manifest\u00f3 que el comunicado de la Uni\u00f3n Europea con motivo del 25 aniversario de la entrada en vigor de la Convenci\u00f3n sobre Armas Qu\u00edmicas, est\u00e1 lleno de hipocres\u00eda, falacias y desinformaci\u00f3n.<\/p>\n<p style=\"text-align: justify;\">Siria enfatiza, seg\u00fan el texto de la nota, la necesidad de que algunos pa\u00edses occidentales dejen de politizar el trabajo de la Organizaci\u00f3n para Prohibici\u00f3n de Armas Qu\u00edmicas (OPAQ) y desviar su labor de los objetivos para los que fue fundada.<\/p>\n<p style=\"text-align: justify;\">Rechazamos el contenido de la declaraci\u00f3n de la Uni\u00f3n Europea y lo consideramos una continuaci\u00f3n de sus posiciones enga\u00f1osas tomadas durante varios a\u00f1os y de sus continuos intentos de involucrar nuevamente a la Organizaci\u00f3n en cuestiones puramente pol\u00edticas y lanzar acusaciones falsas e infundadas contra Siria y Rusia, para servir las agendas pol\u00edticas de la Uni\u00f3n, asever\u00f3 el Ministerio.<\/p>\n<p style=\"text-align: justify;\">La declaraci\u00f3n enfatiz\u00f3 que los pa\u00edses occidentales, encabezados por Estados Unidos, deber\u00edan rendir cuentas por el uso de armas de destrucci\u00f3n masiva y por los cr\u00edmenes de lesa humanidad que cometieron, en flagrante violaci\u00f3n del derecho internacional y la Carta de las Naciones Unidas.<\/p>\n<p style=\"text-align: justify;\">fm\/sm<\/p>\n","protected":false},"excerpt":{"rendered":"<p>La declaraci\u00f3n enfatiz\u00f3 que los pa\u00edses occidentales, encabezados por Estados Unidos, deber\u00edan rendir cuentas por el uso de armas de destrucci\u00f3n masiva y por los cr\u00edmenes de lesa humanidad que cometieron, en flagrante violaci\u00f3n del derecho internacional y la Carta de las Naciones Unidas. Damasco, 29 abr (SANA) El Ministerio de Exteriores y Expatriados de &hellip;<\/p>\n","protected":false},"author":39,"featured_media":231238,"comment_status":"closed","ping_status":"closed","sticky":false,"template":"","format":"standard","meta":{"footnotes":""},"categories":[477,447,597,476,583],"tags":[],"class_list":["post-231234","post","type-post","status-publish","format-standard","has-post-thumbnail","","category-noticias-edulcorantes","category-local-politica","category-cinta-de-noticias","category-locales","category-slide"],"_links":{"self":[{"href":"https:\/\/archive.sana.sy\/es\/index.php?rest_route=\/wp\/v2\/posts\/231234"}],"collection":[{"href":"https:\/\/archive.sana.sy\/es\/index.php?rest_route=\/wp\/v2\/posts"}],"about":[{"href":"https:\/\/archive.sana.sy\/es\/index.php?rest_route=\/wp\/v2\/types\/post"}],"author":[{"embeddable":true,"href":"https:\/\/archive.sana.sy\/es\/index.php?rest_route=\/wp\/v2\/users\/39"}],"replies":[{"embeddable":true,"href":"https:\/\/archive.sana.sy\/es\/index.php?rest_route=%2Fwp%2Fv2%2Fcomments&post=231234"}],"version-history":[{"count":0,"href":"https:\/\/archive.sana.sy\/es\/index.php?rest_route=\/wp\/v2\/posts\/231234\/revisions"}],"wp:featuredmedia":[{"embeddable":true,"href":"https:\/\/archive.sana.sy\/es\/index.php?rest_route=\/wp\/v2\/media\/231238"}],"wp:attachment":[{"href":"https:\/\/archive.sana.sy\/es\/index.php?rest_route=%2Fwp%2Fv2%2Fmedia&parent=231234"}],"wp:term":[{"taxonomy":"category","embeddable":true,"href":"https:\/\/archive.sana.sy\/es\/index.php?rest_route=%2Fwp%2Fv2%2Fcategories&post=231234"},{"taxonomy":"post_tag","embeddable":true,"href":"https:\/\/archive.sana.sy\/es\/index.php?rest_route=%2Fwp%2Fv2%2Ftags&post=231234"}],"curies":[{"name":"wp","href":"https:\/\/api.w.org\/{rel}","templated":true}]}}