{"id":231241,"date":"2022-04-29T17:08:21","date_gmt":"2022-04-29T14:08:21","guid":{"rendered":"http:\/\/107.6.182.27\/es\/?p=231241"},"modified":"2023-01-10T14:03:59","modified_gmt":"2023-01-10T12:03:59","slug":"ratifican-solidas-relaciones-sirio-venezolanas-en-acto-organizado-en-caracas-por-el-dia-nacional-de-siria","status":"publish","type":"post","link":"https:\/\/archive.sana.sy\/es\/?p=231241","title":{"rendered":"Ratifican s\u00f3lidas relaciones sirio-venezolanas en acto organizado en Caracas por el D\u00eda Nacional de Siria"},"content":{"rendered":"<blockquote>\n<p style=\"text-align: justify;\">La celebraci\u00f3n comenz\u00f3 con un guardar un minuto de silencio en memoria de los h\u00e9roes del Ej\u00e9rcito \u00c1rabe Sirio y los ciudadanos sirios v\u00edctimas de la guerra terrorista impuesta a Siria.<\/p>\n<\/blockquote>\n<p style=\"text-align: justify;\"><strong><span style=\"color: #800000;\">Caracas, 29 abril (SANA)<\/span>\u00a0<\/strong> La Embajada de la Rep\u00fablica \u00c1rabe Siria en Caracas organiz\u00f3 un acto oficial con motivo del 76 aniversario del D\u00eda Nacional de la Rep\u00fablica \u00c1rabe Siria.<\/p>\n<p style=\"text-align: justify;\"><img loading=\"lazy\" decoding=\"async\" class=\"size-medium wp-image-231243 alignright\" src=\"http:\/\/107.6.182.27\/es\/wp-content\/uploads\/2022\/04\/photo_2022-04-29_16-04-25-2-1-300x225.jpg\" alt=\"\" width=\"300\" height=\"225\" srcset=\"https:\/\/archive.sana.sy\/es\/wp-content\/uploads\/2022\/04\/photo_2022-04-29_16-04-25-2-1-300x225.jpg 300w, https:\/\/archive.sana.sy\/es\/wp-content\/uploads\/2022\/04\/photo_2022-04-29_16-04-25-2-1-150x113.jpg 150w, https:\/\/archive.sana.sy\/es\/wp-content\/uploads\/2022\/04\/photo_2022-04-29_16-04-25-2-1-768x576.jpg 768w, https:\/\/archive.sana.sy\/es\/wp-content\/uploads\/2022\/04\/photo_2022-04-29_16-04-25-2-1.jpg 960w\" sizes=\"(max-width: 300px) 100vw, 300px\" \/><\/p>\n<p style=\"text-align: justify;\">La celebraci\u00f3n comenz\u00f3 con un guardar un minuto de silencio en memoria de los h\u00e9roes del Ej\u00e9rcito \u00c1rabe Sirio y los ciudadanos sirios v\u00edctimas de la guerra terrorista impuesta a Siria.<\/p>\n<p style=\"text-align: justify;\">El Encargado de Negocios de la Embajada, Wael Derki, se refiri\u00f3 en su discurso pronunciado durante el acto, que a la historia civilizada de Siria y su principal papel pol\u00edtico en la regi\u00f3n.<\/p>\n<p style=\"text-align: justify;\">Destac\u00f3 las excelentes relaciones bilaterales entre Siria y Venezuela, y la gran papel que juega la comunidad \u00e1rabe siria en esta naci\u00f3n sudamericana en diversos aspectos de la vida.<\/p>\n<p style=\"text-align: justify;\">Por su parte, Capaya Rodr\u00edgue, Viceministra de Relaciones Exteriores para Asia, Medio Oriente y Ocean\u00eda, quien represent\u00f3 al Gobierno de la Rep\u00fablica Bolivariana de Venezuela, pronunci\u00f3 un discurso en el que afirm\u00f3 las profundas relaciones entre Siria y Venezuela y la gran coordinaci\u00f3n entre los dos pa\u00edses a nivel de pol\u00edtica exterior y en los foros internacionales.<\/p>\n<p style=\"text-align: justify;\"><img loading=\"lazy\" decoding=\"async\" class=\"size-medium wp-image-231244 alignright\" src=\"http:\/\/107.6.182.27\/es\/wp-content\/uploads\/2022\/04\/photo_2022-04-29_16-04-37-2-300x225.jpg\" alt=\"\" width=\"300\" height=\"225\" srcset=\"https:\/\/archive.sana.sy\/es\/wp-content\/uploads\/2022\/04\/photo_2022-04-29_16-04-37-2-300x225.jpg 300w, https:\/\/archive.sana.sy\/es\/wp-content\/uploads\/2022\/04\/photo_2022-04-29_16-04-37-2-150x113.jpg 150w, https:\/\/archive.sana.sy\/es\/wp-content\/uploads\/2022\/04\/photo_2022-04-29_16-04-37-2-768x576.jpg 768w, https:\/\/archive.sana.sy\/es\/wp-content\/uploads\/2022\/04\/photo_2022-04-29_16-04-37-2.jpg 960w\" sizes=\"(max-width: 300px) 100vw, 300px\" \/><\/p>\n<p style=\"text-align: justify;\">Ensalz\u00f3 la verdadera hermandad que une a los dos pa\u00edses y pueblos hermanos.<\/p>\n","protected":false},"excerpt":{"rendered":"<p>La celebraci\u00f3n comenz\u00f3 con un guardar un minuto de silencio en memoria de los h\u00e9roes del Ej\u00e9rcito \u00c1rabe Sirio y los ciudadanos sirios v\u00edctimas de la guerra terrorista impuesta a Siria. Caracas, 29 abril (SANA)\u00a0 La Embajada de la Rep\u00fablica \u00c1rabe Siria en Caracas organiz\u00f3 un acto oficial con motivo del 76 aniversario del D\u00eda &hellip;<\/p>\n","protected":false},"author":39,"featured_media":231245,"comment_status":"closed","ping_status":"closed","sticky":false,"template":"","format":"standard","meta":{"footnotes":""},"categories":[447,597,467,7541],"tags":[],"class_list":["post-231241","post","type-post","status-publish","format-standard","has-post-thumbnail","","category-local-politica","category-cinta-de-noticias","category-siria-y-el-mundo","category-ultimas-noticias"],"_links":{"self":[{"href":"https:\/\/archive.sana.sy\/es\/index.php?rest_route=\/wp\/v2\/posts\/231241"}],"collection":[{"href":"https:\/\/archive.sana.sy\/es\/index.php?rest_route=\/wp\/v2\/posts"}],"about":[{"href":"https:\/\/archive.sana.sy\/es\/index.php?rest_route=\/wp\/v2\/types\/post"}],"author":[{"embeddable":true,"href":"https:\/\/archive.sana.sy\/es\/index.php?rest_route=\/wp\/v2\/users\/39"}],"replies":[{"embeddable":true,"href":"https:\/\/archive.sana.sy\/es\/index.php?rest_route=%2Fwp%2Fv2%2Fcomments&post=231241"}],"version-history":[{"count":0,"href":"https:\/\/archive.sana.sy\/es\/index.php?rest_route=\/wp\/v2\/posts\/231241\/revisions"}],"wp:featuredmedia":[{"embeddable":true,"href":"https:\/\/archive.sana.sy\/es\/index.php?rest_route=\/wp\/v2\/media\/231245"}],"wp:attachment":[{"href":"https:\/\/archive.sana.sy\/es\/index.php?rest_route=%2Fwp%2Fv2%2Fmedia&parent=231241"}],"wp:term":[{"taxonomy":"category","embeddable":true,"href":"https:\/\/archive.sana.sy\/es\/index.php?rest_route=%2Fwp%2Fv2%2Fcategories&post=231241"},{"taxonomy":"post_tag","embeddable":true,"href":"https:\/\/archive.sana.sy\/es\/index.php?rest_route=%2Fwp%2Fv2%2Ftags&post=231241"}],"curies":[{"name":"wp","href":"https:\/\/api.w.org\/{rel}","templated":true}]}}