{"id":231247,"date":"2022-04-29T17:40:52","date_gmt":"2022-04-29T14:40:52","guid":{"rendered":"http:\/\/107.6.182.27\/es\/?p=231247"},"modified":"2023-01-10T16:19:32","modified_gmt":"2023-01-10T14:19:32","slug":"aumenta-la-inflacion-en-la-eurozona","status":"publish","type":"post","link":"https:\/\/archive.sana.sy\/es\/?p=231247","title":{"rendered":"Aumenta la inflaci\u00f3n en la eurozona"},"content":{"rendered":"<p style=\"text-align: justify;\"><span style=\"color: #800000;\"><strong>Bruselas, 29 abr (SANA)\u00a0 \u00a0<\/strong><\/span>La inflaci\u00f3n general en la Zona del Euro aument\u00f3 en el primer trimestre de este a\u00f1o debido a la guerra en Ucrania y la continuaci\u00f3n de la pandemia del nuevo coronavirus, que gener\u00f3 temores de estanflaci\u00f3n.<\/p>\n<p style=\"text-align: justify;\">Las estimaciones de la Oficina de Estad\u00edsticas de la Uni\u00f3n Europea, Eurostat, mostraron que &#8220;el crecimiento econ\u00f3mico ascendi\u00f3 a 0.2% trimestralmente, en comparaci\u00f3n con 0.3% en el cuarto trimestre del a\u00f1o pasado&#8221;.<\/p>\n<p style=\"text-align: justify;\">Las cifras del PIB apuntan a una fuerte desaceleraci\u00f3n en la eurozona donde la inflaci\u00f3n aument\u00f3 m\u00e1s del 7.5 por ciento este mes en comparaci\u00f3n con el 7.4 por ciento el mes pasado.<\/p>\n<p style=\"text-align: justify;\">fm\/sm<\/p>\n","protected":false},"excerpt":{"rendered":"<p>Bruselas, 29 abr (SANA)\u00a0 \u00a0La inflaci\u00f3n general en la Zona del Euro aument\u00f3 en el primer trimestre de este a\u00f1o debido a la guerra en Ucrania y la continuaci\u00f3n de la pandemia del nuevo coronavirus, que gener\u00f3 temores de estanflaci\u00f3n. Las estimaciones de la Oficina de Estad\u00edsticas de la Uni\u00f3n Europea, Eurostat, mostraron que &#8220;el &hellip;<\/p>\n","protected":false},"author":39,"featured_media":231248,"comment_status":"closed","ping_status":"closed","sticky":false,"template":"","format":"standard","meta":{"footnotes":""},"categories":[597,16686,485,456],"tags":[],"class_list":["post-231247","post","type-post","status-publish","format-standard","has-post-thumbnail","","category-cinta-de-noticias","category-economia","category-informes-negocios-y-finanzas","category-arabe-internacional-politica"],"_links":{"self":[{"href":"https:\/\/archive.sana.sy\/es\/index.php?rest_route=\/wp\/v2\/posts\/231247"}],"collection":[{"href":"https:\/\/archive.sana.sy\/es\/index.php?rest_route=\/wp\/v2\/posts"}],"about":[{"href":"https:\/\/archive.sana.sy\/es\/index.php?rest_route=\/wp\/v2\/types\/post"}],"author":[{"embeddable":true,"href":"https:\/\/archive.sana.sy\/es\/index.php?rest_route=\/wp\/v2\/users\/39"}],"replies":[{"embeddable":true,"href":"https:\/\/archive.sana.sy\/es\/index.php?rest_route=%2Fwp%2Fv2%2Fcomments&post=231247"}],"version-history":[{"count":0,"href":"https:\/\/archive.sana.sy\/es\/index.php?rest_route=\/wp\/v2\/posts\/231247\/revisions"}],"wp:featuredmedia":[{"embeddable":true,"href":"https:\/\/archive.sana.sy\/es\/index.php?rest_route=\/wp\/v2\/media\/231248"}],"wp:attachment":[{"href":"https:\/\/archive.sana.sy\/es\/index.php?rest_route=%2Fwp%2Fv2%2Fmedia&parent=231247"}],"wp:term":[{"taxonomy":"category","embeddable":true,"href":"https:\/\/archive.sana.sy\/es\/index.php?rest_route=%2Fwp%2Fv2%2Fcategories&post=231247"},{"taxonomy":"post_tag","embeddable":true,"href":"https:\/\/archive.sana.sy\/es\/index.php?rest_route=%2Fwp%2Fv2%2Ftags&post=231247"}],"curies":[{"name":"wp","href":"https:\/\/api.w.org\/{rel}","templated":true}]}}