{"id":231267,"date":"2022-04-29T21:04:08","date_gmt":"2022-04-29T18:04:08","guid":{"rendered":"http:\/\/107.6.182.27\/es\/?p=231267"},"modified":"2023-01-10T14:03:58","modified_gmt":"2023-01-10T12:03:58","slug":"condenan-en-las-mezquitas-de-siria-las-agresiones-del-ocupante-israeli-contra-la-sagrada-mezquita-al-aqsa","status":"publish","type":"post","link":"https:\/\/archive.sana.sy\/es\/?p=231267","title":{"rendered":"Condenan en las mezquitas de Siria las agresiones del ocupante israel\u00ed contra la sagrada Mezquita Al-Aqsa"},"content":{"rendered":"<blockquote>\n<p style=\"text-align: justify;\">Los imanes y predicadores dejaron en claro que lo que sucede en Al-Aqsa es una deshonra y reiteraron que Palestina seguir\u00e1 siendo la causa de toda la naci\u00f3n y no solo la causa de los palestinos.<\/p>\n<\/blockquote>\n<p style=\"text-align: justify;\"><span style=\"color: #800000;\"><strong>Damasco, 29 abr (SANA)<\/strong> <\/span>Los imanes y predicadores de las mezquitas en Siria condenaron las continuas acciones hostiles y criminales del ocupante israel\u00ed contra la sagrada Mezquita Al-Aqsa en Jerusal\u00e9n.<\/p>\n<p style=\"text-align: justify;\">En sus sermones del viernes, denunciaron la escalada sionista contra los fieles musulmanes, especialmente durante el mes de Ramad\u00e1n, y la consideraron una violaci\u00f3n flagrante de la santidad de los lugares sagrados.<\/p>\n<p style=\"text-align: justify;\">Los imanes y predicadores dejaron en claro que lo que sucede en Al-Aqsa es una deshonra y reiteraron que Palestina seguir\u00e1 siendo la causa de toda la naci\u00f3n y no solo la causa de los palestinos.<\/p>\n<p style=\"text-align: justify;\">La ira popular incrementa en los territorios palestinos ocupados coincidiendo con el D\u00eda Internacional de al-Quds, que se celebra el \u00faltimo viernes del bendito mes de Ramad\u00e1n, en rechazo a las pr\u00e1cticas y medidas represivas aplicadas por las autoridades de ocupaci\u00f3n contra Jerusal\u00e9n y su sagrada Mezquita de Al-Aqsa.<\/p>\n<p style=\"text-align: justify;\">fm\/sm<\/p>\n","protected":false},"excerpt":{"rendered":"<p>Los imanes y predicadores dejaron en claro que lo que sucede en Al-Aqsa es una deshonra y reiteraron que Palestina seguir\u00e1 siendo la causa de toda la naci\u00f3n y no solo la causa de los palestinos. Damasco, 29 abr (SANA) Los imanes y predicadores de las mezquitas en Siria condenaron las continuas acciones hostiles y &hellip;<\/p>\n","protected":false},"author":39,"featured_media":231268,"comment_status":"closed","ping_status":"closed","sticky":false,"template":"","format":"standard","meta":{"footnotes":""},"categories":[447,477,597,476,7541],"tags":[],"class_list":["post-231267","post","type-post","status-publish","format-standard","has-post-thumbnail","","category-local-politica","category-noticias-edulcorantes","category-cinta-de-noticias","category-locales","category-ultimas-noticias"],"_links":{"self":[{"href":"https:\/\/archive.sana.sy\/es\/index.php?rest_route=\/wp\/v2\/posts\/231267"}],"collection":[{"href":"https:\/\/archive.sana.sy\/es\/index.php?rest_route=\/wp\/v2\/posts"}],"about":[{"href":"https:\/\/archive.sana.sy\/es\/index.php?rest_route=\/wp\/v2\/types\/post"}],"author":[{"embeddable":true,"href":"https:\/\/archive.sana.sy\/es\/index.php?rest_route=\/wp\/v2\/users\/39"}],"replies":[{"embeddable":true,"href":"https:\/\/archive.sana.sy\/es\/index.php?rest_route=%2Fwp%2Fv2%2Fcomments&post=231267"}],"version-history":[{"count":0,"href":"https:\/\/archive.sana.sy\/es\/index.php?rest_route=\/wp\/v2\/posts\/231267\/revisions"}],"wp:featuredmedia":[{"embeddable":true,"href":"https:\/\/archive.sana.sy\/es\/index.php?rest_route=\/wp\/v2\/media\/231268"}],"wp:attachment":[{"href":"https:\/\/archive.sana.sy\/es\/index.php?rest_route=%2Fwp%2Fv2%2Fmedia&parent=231267"}],"wp:term":[{"taxonomy":"category","embeddable":true,"href":"https:\/\/archive.sana.sy\/es\/index.php?rest_route=%2Fwp%2Fv2%2Fcategories&post=231267"},{"taxonomy":"post_tag","embeddable":true,"href":"https:\/\/archive.sana.sy\/es\/index.php?rest_route=%2Fwp%2Fv2%2Ftags&post=231267"}],"curies":[{"name":"wp","href":"https:\/\/api.w.org\/{rel}","templated":true}]}}