{"id":231344,"date":"2022-04-30T14:12:38","date_gmt":"2022-04-30T11:12:38","guid":{"rendered":"http:\/\/107.6.182.27\/es\/?p=231344"},"modified":"2023-01-10T16:19:29","modified_gmt":"2023-01-10T14:19:29","slug":"eeuu-y-la-ue-pretenden-combatir-a-rusia-hasta-el-ultimo-ucraniano-afirma-lavrov","status":"publish","type":"post","link":"https:\/\/archive.sana.sy\/es\/?p=231344","title":{"rendered":"EEUU y la UE pretenden combatir a Rusia hasta el \u00faltimo ucraniano, afirma Lavrov"},"content":{"rendered":"<blockquote>\n<p style=\"text-align: justify;\">\u201cOccidente reprime a aquellos que persiguen un enfoque independiente en la pol\u00edtica interior y exterior&#8221;<\/p>\n<\/blockquote>\n<p style=\"text-align: justify;\"><span style=\"color: #800000;\"><strong>Mosc\u00fa, 30 abr (SANA)<\/strong><\/span> El canciller ruso, Serg\u00e9i Lavrov, subray\u00f3 que Estados Unidos y la OTAN fomentaron durante mucho tiempo la hostilidad hacia Rusia en Ucrania, y consider\u00f3 que el enfoque occidental antirruso es totalmente injustificado y no tiene perspectivas futuras.<\/p>\n<p style=\"text-align: justify;\">En entrevista con la agencia Xinhua, Lavrov explic\u00f3 que los pa\u00edses occidentales encabezados por EE.UU. adoptaron un enfoque destructivo de largo plazo con respecto a la crisis en Ucrania.<\/p>\n<p style=\"text-align: justify;\">\u201cUno de los componentes de este enfoque es la expansi\u00f3n imprudente de la OTAN hacia el Este\u201d, precis\u00f3.<\/p>\n<p style=\"text-align: justify;\">Indic\u00f3 que EE.UU y la Uni\u00f3n Europea pretenden combatir a Rusia hasta el \u00faltimo ucraniano, ya que no les importa el futuro de Ucrania como Estado independiente, y se\u00f1al\u00f3 que la operaci\u00f3n militar especial rusa en Ucrania contribuye al proceso de liberaci\u00f3n del mundo de la opresi\u00f3n neocolonial de Occidente.<\/p>\n<p style=\"text-align: justify;\">El jefe de la diplomacia rusa subray\u00f3 la necesidad de que Washington y la OTAN dejen de suministrar armas a Kiev si realmente quieren solucionar la crisis ucraniana.<\/p>\n<p style=\"text-align: justify;\">\u201cOccidente reprime a aquellos que adoptan un enfoque independiente en la pol\u00edtica interior y exterior y rechazan los dictados de EE.UU.&#8221;, explic\u00f3 Lavrov.<\/p>\n<p style=\"text-align: justify;\">Adem\u00e1s, ratific\u00f3 que la l\u00ednea occidental antirrusa y los intentos de la Casa Blanca y sus aliados de asfixiar la econom\u00eda rusa no pueden justificarse de ninguna manera, y no tienen perspectivas de futuro.<\/p>\n<p style=\"text-align: justify;\">En otro contexto, Lavrov se\u00f1al\u00f3 que las sanciones occidentales contra su pa\u00eds ya comenzaron a da\u00f1ar a los ciudadanos del propio Occidente.<\/p>\n<p style=\"text-align: justify;\">Asimismo, destac\u00f3 la posici\u00f3n equilibrada de China y de los otros pa\u00edses de la BRICS sobre la crisis en Ucrania y expres\u00f3 su confianza en recuperar los lazos culturales, morales y econ\u00f3micos que unen a los rusos y ucranianos.<\/p>\n<p style=\"text-align: justify;\">sm\/fm<\/p>\n","protected":false},"excerpt":{"rendered":"<p>\u201cOccidente reprime a aquellos que persiguen un enfoque independiente en la pol\u00edtica interior y exterior&#8221; Mosc\u00fa, 30 abr (SANA) El canciller ruso, Serg\u00e9i Lavrov, subray\u00f3 que Estados Unidos y la OTAN fomentaron durante mucho tiempo la hostilidad hacia Rusia en Ucrania, y consider\u00f3 que el enfoque occidental antirruso es totalmente injustificado y no tiene perspectivas &hellip;<\/p>\n","protected":false},"author":39,"featured_media":231345,"comment_status":"closed","ping_status":"closed","sticky":false,"template":"","format":"standard","meta":{"footnotes":""},"categories":[597,456,7541],"tags":[],"class_list":["post-231344","post","type-post","status-publish","format-standard","has-post-thumbnail","","category-cinta-de-noticias","category-arabe-internacional-politica","category-ultimas-noticias"],"_links":{"self":[{"href":"https:\/\/archive.sana.sy\/es\/index.php?rest_route=\/wp\/v2\/posts\/231344"}],"collection":[{"href":"https:\/\/archive.sana.sy\/es\/index.php?rest_route=\/wp\/v2\/posts"}],"about":[{"href":"https:\/\/archive.sana.sy\/es\/index.php?rest_route=\/wp\/v2\/types\/post"}],"author":[{"embeddable":true,"href":"https:\/\/archive.sana.sy\/es\/index.php?rest_route=\/wp\/v2\/users\/39"}],"replies":[{"embeddable":true,"href":"https:\/\/archive.sana.sy\/es\/index.php?rest_route=%2Fwp%2Fv2%2Fcomments&post=231344"}],"version-history":[{"count":0,"href":"https:\/\/archive.sana.sy\/es\/index.php?rest_route=\/wp\/v2\/posts\/231344\/revisions"}],"wp:featuredmedia":[{"embeddable":true,"href":"https:\/\/archive.sana.sy\/es\/index.php?rest_route=\/wp\/v2\/media\/231345"}],"wp:attachment":[{"href":"https:\/\/archive.sana.sy\/es\/index.php?rest_route=%2Fwp%2Fv2%2Fmedia&parent=231344"}],"wp:term":[{"taxonomy":"category","embeddable":true,"href":"https:\/\/archive.sana.sy\/es\/index.php?rest_route=%2Fwp%2Fv2%2Fcategories&post=231344"},{"taxonomy":"post_tag","embeddable":true,"href":"https:\/\/archive.sana.sy\/es\/index.php?rest_route=%2Fwp%2Fv2%2Ftags&post=231344"}],"curies":[{"name":"wp","href":"https:\/\/api.w.org\/{rel}","templated":true}]}}