{"id":231387,"date":"2022-04-30T18:24:37","date_gmt":"2022-04-30T15:24:37","guid":{"rendered":"http:\/\/107.6.182.27\/es\/?p=231387"},"modified":"2023-01-10T16:19:29","modified_gmt":"2023-01-10T14:19:29","slug":"rusia-entrega-ayuda-humanitaria-en-la-region-ucraniana-de-jarkov","status":"publish","type":"post","link":"https:\/\/archive.sana.sy\/es\/?p=231387","title":{"rendered":"Rusia entrega ayuda humanitaria en la regi\u00f3n ucraniana de J\u00e1rkov"},"content":{"rendered":"<p style=\"text-align: justify;\"><span style=\"color: #800000;\"><strong>Mosc\u00fa, 30 abr (SANA)\u00a0 \u00a0<\/strong><\/span>Unidades del ej\u00e9rcito ruso entregaron m\u00e1s de 60 toneladas de ayuda humanitaria a los residentes de la ciudad de Izyum en regi\u00f3n ucraniana de J\u00e1rkov.<\/p>\n<p style=\"text-align: justify;\">&#8220;La ayuda humanitaria, cargada por camiones, acompa\u00f1ada por la polic\u00eda militar rusa y con la ayuda del personal de emergencia ruso, fue transferida a los residentes de la ciudad de Izyum&#8221;, inform\u00f3 hoy el Ministerio de Defensa ruso en un comunicado difundido por la agencia RIA Novosti.<\/p>\n<p style=\"text-align: justify;\">Agreg\u00f3 que se entregaron materiales de construcci\u00f3n a Izyum para la restauraci\u00f3n de la catedral, los edificios residenciales y las instalaciones de infraestructura civil que sufrieron como resultado del bombardeo de artiller\u00eda de las fuerzas ucranianas, tambi\u00e9n se entregaron alimentos y suministros b\u00e1sicos a los residentes de la ciudad.<\/p>\n<p style=\"text-align: justify;\">sm\/fm<\/p>\n","protected":false},"excerpt":{"rendered":"<p>Mosc\u00fa, 30 abr (SANA)\u00a0 \u00a0Unidades del ej\u00e9rcito ruso entregaron m\u00e1s de 60 toneladas de ayuda humanitaria a los residentes de la ciudad de Izyum en regi\u00f3n ucraniana de J\u00e1rkov. &#8220;La ayuda humanitaria, cargada por camiones, acompa\u00f1ada por la polic\u00eda militar rusa y con la ayuda del personal de emergencia ruso, fue transferida a los residentes &hellip;<\/p>\n","protected":false},"author":31,"featured_media":231388,"comment_status":"closed","ping_status":"closed","sticky":false,"template":"","format":"standard","meta":{"footnotes":""},"categories":[456],"tags":[],"class_list":["post-231387","post","type-post","status-publish","format-standard","has-post-thumbnail","","category-arabe-internacional-politica"],"_links":{"self":[{"href":"https:\/\/archive.sana.sy\/es\/index.php?rest_route=\/wp\/v2\/posts\/231387"}],"collection":[{"href":"https:\/\/archive.sana.sy\/es\/index.php?rest_route=\/wp\/v2\/posts"}],"about":[{"href":"https:\/\/archive.sana.sy\/es\/index.php?rest_route=\/wp\/v2\/types\/post"}],"author":[{"embeddable":true,"href":"https:\/\/archive.sana.sy\/es\/index.php?rest_route=\/wp\/v2\/users\/31"}],"replies":[{"embeddable":true,"href":"https:\/\/archive.sana.sy\/es\/index.php?rest_route=%2Fwp%2Fv2%2Fcomments&post=231387"}],"version-history":[{"count":0,"href":"https:\/\/archive.sana.sy\/es\/index.php?rest_route=\/wp\/v2\/posts\/231387\/revisions"}],"wp:featuredmedia":[{"embeddable":true,"href":"https:\/\/archive.sana.sy\/es\/index.php?rest_route=\/wp\/v2\/media\/231388"}],"wp:attachment":[{"href":"https:\/\/archive.sana.sy\/es\/index.php?rest_route=%2Fwp%2Fv2%2Fmedia&parent=231387"}],"wp:term":[{"taxonomy":"category","embeddable":true,"href":"https:\/\/archive.sana.sy\/es\/index.php?rest_route=%2Fwp%2Fv2%2Fcategories&post=231387"},{"taxonomy":"post_tag","embeddable":true,"href":"https:\/\/archive.sana.sy\/es\/index.php?rest_route=%2Fwp%2Fv2%2Ftags&post=231387"}],"curies":[{"name":"wp","href":"https:\/\/api.w.org\/{rel}","templated":true}]}}