{"id":231417,"date":"2022-04-30T17:05:44","date_gmt":"2022-04-30T14:05:44","guid":{"rendered":"http:\/\/107.6.182.27\/es\/?p=231417"},"modified":"2023-01-10T16:19:29","modified_gmt":"2023-01-10T14:19:29","slug":"medio-alemas-ilustra-un-articulo-que-niega-los-lazos-entre-el-batallon-azov-y-el-neonazismo-con-una-imagen-llena-de-simbolos-nazis","status":"publish","type":"post","link":"https:\/\/archive.sana.sy\/es\/?p=231417","title":{"rendered":"Medio alem\u00e1n ilustra un art\u00edculo que niega los lazos entre el batall\u00f3n Azov y el neonazismo con una imagen llena de s\u00edmbolos nazis"},"content":{"rendered":"<blockquote>\n<p style=\"text-align: justify;\">Si bien el enlace original actualmente lleva al art\u00edculo modificado, una copia guardada de la p\u00e1gina web muestra la versi\u00f3n original de dicha publicaci\u00f3n.<\/p>\n<\/blockquote>\n<p style=\"text-align: justify;\"><span style=\"color: #800000;\"><strong>Damasco, 30 abr (SANA)<\/strong>\u00a0 \u00a0<\/span>El peri\u00f3dico alem\u00e1n Die Welt sorprendi\u00f3 a sus lectores al ilustrar un art\u00edculo que negaba los v\u00ednculos entre el batall\u00f3n ucraniano Azov y el neonazismo con una imagen llena de s\u00edmbolos relacionados con la Alemania nazi.<\/p>\n<p style=\"text-align: justify;\">En su art\u00edculo publicado el 22 de abril, titulado &#8220;La mentira del batall\u00f3n &#8216;neonazi&#8217; y la culpa de Occidente&#8221;, el polit\u00f3logo ucraniano Ant\u00f3n Shejovtsov, experto en los movimientos de extrema derecha, acus\u00f3 a los medios rusos de &#8220;llamar la atenci\u00f3n de Occidente&#8221; y utilizar con fines de &#8220;propaganda&#8221; al &#8220;supuestamente &#8216;fascista&#8217; o &#8216;neonazi'&#8221; batall\u00f3n ucraniano Azov.<\/p>\n<p style=\"text-align: justify;\"><strong>&#8220;Uno de los grupos m\u00e1s racistas y antisemitas&#8221;<\/strong><\/p>\n<p style=\"text-align: justify;\">&#8220;Azov tambi\u00e9n se estableci\u00f3 en mayo de 2014 como batall\u00f3n policial voluntario. En ese momento, el batall\u00f3n estaba formado principalmente por &#8216;hooligans&#8217; y miembros de la extrema derecha, sobre todo la organizaci\u00f3n Patriota de Ucrania, uno de los grupos m\u00e1s racistas y antisemitas del pa\u00eds&#8221;, escribe el autor.<\/p>\n<p style=\"text-align: justify;\">Shejovtsov se\u00f1ala que en Ucrania &#8220;nadie dudaba en ese momento de que el pa\u00eds necesitaba voluntarios de cualquier condici\u00f3n social o pol\u00edtica&#8221; ya que el Ej\u00e9rcito &#8220;era pr\u00e1cticamente inexistente&#8221;.<\/p>\n<p style=\"text-align: justify;\">Al mismo tiempo, seg\u00fan el polit\u00f3logo, el Azov de ahora, que empez\u00f3 a recibir m\u00e1s y m\u00e1s voluntarios, es una &#8220;unidad especial altamente profesional y no una organizaci\u00f3n pol\u00edtica, ni una milicia, ni un batall\u00f3n de extremistas de derecha&#8221;.<\/p>\n<p style=\"text-align: justify;\"><strong>\u00bfQu\u00e9 muestra la imagen?<\/strong><\/p>\n<p style=\"text-align: justify;\">Sin embargo, la imagen seleccionada por el peri\u00f3dico alem\u00e1n como foto de portada parece contradecir las declaraciones del autor del texto. En la foto, titulada &#8220;Miembros del regimiento Azov-Prikarpatie de la Guardia Nacional izan banderas en una ceremonia para jurar lealtad al pueblo ucraniano&#8221;, aparecen al menos tres s\u00edmbolos estrechamente relacionados con el nazismo.<\/p>\n<p style=\"text-align: justify;\">En particular, en el uniforme del militar en el centro de la imagen se puede distinguir un parche con un le\u00f3n y tres coronas, similar al de la 14.\u00aa divisi\u00f3n de las Waffen-SS, que fue creada en 1943 por las SS y formada por voluntarios ucranianos para luchar contra la Uni\u00f3n Sovi\u00e9tica.<\/p>\n<p style=\"text-align: justify;\">Al mismo tiempo, en el emblema que sostiene uno de los militares se puede ver el sol negro, que lleg\u00f3 a ser uno de los s\u00edmbolos m\u00e1s importantes de las creencias conocidas como el ocultismo nazi.<\/p>\n<p style=\"text-align: justify;\">Por otra parte, dicho emblema y una de las banderas en la imagen muestran tambi\u00e9n dos s\u00edmbolos wolfsangel estilizados, que fueron utilizados en la Alemania nazi por unidades como la 4.\u00aa divisi\u00f3n SS Polizei y la 2.\u00aa Divisi\u00f3n SS &#8216;Das Reich&#8217;. El s\u00edmbolo, que junto con el sol negro formaba parte del viejo emblema utilizado por el batall\u00f3n hasta 2015, se convirti\u00f3 ahora en el elemento principal del actual emblema de Azov.<\/p>\n<p style=\"text-align: justify;\"><strong>La versi\u00f3n menos categ\u00f3rica<\/strong><\/p>\n<p style=\"text-align: justify;\">Ante la pol\u00e9mica que se desat\u00f3 despu\u00e9s de la publicaci\u00f3n del art\u00edculo, el medio alem\u00e1n opt\u00f3 por modificar la controvertida imagen. La nueva foto escogida por Die Welt, titulada &#8220;Soldados del batall\u00f3n Azov entierran a uno de sus camaradas&#8221;, tambi\u00e9n muestra a los integrantes de dicho batall\u00f3n, aunque sin la presencia de los s\u00edmbolos que generaron tantas preguntas en redes sociales y algunos medios de comunicaci\u00f3n.<\/p>\n<p style=\"text-align: justify;\">El titular del art\u00edculo y el enlace tambi\u00e9n sufrieron cambios y fueron reemplazados por una versi\u00f3n menos categ\u00f3rica: &#8220;El regimiento Azov de hoy ya no tiene nada que ver con el batall\u00f3n &#8216;neonazi'&#8221;.<\/p>\n<p style=\"text-align: justify;\">Si bien el enlace original actualmente lleva al art\u00edculo modificado, una copia guardada de la p\u00e1gina web muestra la versi\u00f3n original de dicha publicaci\u00f3n.<\/p>\n<p style=\"text-align: justify;\"><span style=\"color: #0000ff;\"><strong>Fuente: RT<\/strong><\/span><\/p>\n","protected":false},"excerpt":{"rendered":"<p>Si bien el enlace original actualmente lleva al art\u00edculo modificado, una copia guardada de la p\u00e1gina web muestra la versi\u00f3n original de dicha publicaci\u00f3n. Damasco, 30 abr (SANA)\u00a0 \u00a0El peri\u00f3dico alem\u00e1n Die Welt sorprendi\u00f3 a sus lectores al ilustrar un art\u00edculo que negaba los v\u00ednculos entre el batall\u00f3n ucraniano Azov y el neonazismo con una &hellip;<\/p>\n","protected":false},"author":31,"featured_media":231418,"comment_status":"closed","ping_status":"closed","sticky":false,"template":"","format":"standard","meta":{"footnotes":""},"categories":[16929,597,456,7541],"tags":[],"class_list":["post-231417","post","type-post","status-publish","format-standard","has-post-thumbnail","","category-articulos-de-opinion","category-cinta-de-noticias","category-arabe-internacional-politica","category-ultimas-noticias"],"_links":{"self":[{"href":"https:\/\/archive.sana.sy\/es\/index.php?rest_route=\/wp\/v2\/posts\/231417"}],"collection":[{"href":"https:\/\/archive.sana.sy\/es\/index.php?rest_route=\/wp\/v2\/posts"}],"about":[{"href":"https:\/\/archive.sana.sy\/es\/index.php?rest_route=\/wp\/v2\/types\/post"}],"author":[{"embeddable":true,"href":"https:\/\/archive.sana.sy\/es\/index.php?rest_route=\/wp\/v2\/users\/31"}],"replies":[{"embeddable":true,"href":"https:\/\/archive.sana.sy\/es\/index.php?rest_route=%2Fwp%2Fv2%2Fcomments&post=231417"}],"version-history":[{"count":0,"href":"https:\/\/archive.sana.sy\/es\/index.php?rest_route=\/wp\/v2\/posts\/231417\/revisions"}],"wp:featuredmedia":[{"embeddable":true,"href":"https:\/\/archive.sana.sy\/es\/index.php?rest_route=\/wp\/v2\/media\/231418"}],"wp:attachment":[{"href":"https:\/\/archive.sana.sy\/es\/index.php?rest_route=%2Fwp%2Fv2%2Fmedia&parent=231417"}],"wp:term":[{"taxonomy":"category","embeddable":true,"href":"https:\/\/archive.sana.sy\/es\/index.php?rest_route=%2Fwp%2Fv2%2Fcategories&post=231417"},{"taxonomy":"post_tag","embeddable":true,"href":"https:\/\/archive.sana.sy\/es\/index.php?rest_route=%2Fwp%2Fv2%2Ftags&post=231417"}],"curies":[{"name":"wp","href":"https:\/\/api.w.org\/{rel}","templated":true}]}}