{"id":231421,"date":"2022-04-30T22:48:58","date_gmt":"2022-04-30T19:48:58","guid":{"rendered":"http:\/\/107.6.182.27\/es\/?p=231421"},"modified":"2023-01-10T16:19:28","modified_gmt":"2023-01-10T14:19:28","slug":"atacan-con-cohetes-a-base-militar-estadounidense-en-el-oeste-de-iraq","status":"publish","type":"post","link":"https:\/\/archive.sana.sy\/es\/?p=231421","title":{"rendered":"Atacan con cohetes a base militar estadounidense en el oeste de Iraq"},"content":{"rendered":"<p style=\"text-align: justify;\"><span style=\"color: #800000;\"><strong>Bagdad, 30 abr (SANA)<\/strong><\/span><\/p>\n<p style=\"text-align: justify;\">La base estadounidense \u201cAin al-Assad\u201d en la gobernaci\u00f3n de al-Anbar, al oeste de Irak, fue atacada con misiles este s\u00e1bado.<\/p>\n<p style=\"text-align: justify;\">La \u201cCoalici\u00f3n Internacional\u201d, dirigida por Washington, reconoci\u00f3 en un comunicado el ataque e indic\u00f3 que uno de los misiles cay\u00f3 cerca del enclave sin causar p\u00e9rdidas humanas o materiales.<\/p>\n<p style=\"text-align: justify;\">La mencionada base que alberga fuerzas de dicha coalici\u00f3n ha sido objeto de numerosos ataques recientemente.<\/p>\n<p style=\"text-align: justify;\">rr\/fm<\/p>\n","protected":false},"excerpt":{"rendered":"<p>Bagdad, 30 abr (SANA) La base estadounidense \u201cAin al-Assad\u201d en la gobernaci\u00f3n de al-Anbar, al oeste de Irak, fue atacada con misiles este s\u00e1bado. La \u201cCoalici\u00f3n Internacional\u201d, dirigida por Washington, reconoci\u00f3 en un comunicado el ataque e indic\u00f3 que uno de los misiles cay\u00f3 cerca del enclave sin causar p\u00e9rdidas humanas o materiales. La mencionada &hellip;<\/p>\n","protected":false},"author":31,"featured_media":231426,"comment_status":"closed","ping_status":"closed","sticky":false,"template":"","format":"standard","meta":{"footnotes":""},"categories":[456],"tags":[],"class_list":["post-231421","post","type-post","status-publish","format-standard","has-post-thumbnail","","category-arabe-internacional-politica"],"_links":{"self":[{"href":"https:\/\/archive.sana.sy\/es\/index.php?rest_route=\/wp\/v2\/posts\/231421"}],"collection":[{"href":"https:\/\/archive.sana.sy\/es\/index.php?rest_route=\/wp\/v2\/posts"}],"about":[{"href":"https:\/\/archive.sana.sy\/es\/index.php?rest_route=\/wp\/v2\/types\/post"}],"author":[{"embeddable":true,"href":"https:\/\/archive.sana.sy\/es\/index.php?rest_route=\/wp\/v2\/users\/31"}],"replies":[{"embeddable":true,"href":"https:\/\/archive.sana.sy\/es\/index.php?rest_route=%2Fwp%2Fv2%2Fcomments&post=231421"}],"version-history":[{"count":0,"href":"https:\/\/archive.sana.sy\/es\/index.php?rest_route=\/wp\/v2\/posts\/231421\/revisions"}],"wp:featuredmedia":[{"embeddable":true,"href":"https:\/\/archive.sana.sy\/es\/index.php?rest_route=\/wp\/v2\/media\/231426"}],"wp:attachment":[{"href":"https:\/\/archive.sana.sy\/es\/index.php?rest_route=%2Fwp%2Fv2%2Fmedia&parent=231421"}],"wp:term":[{"taxonomy":"category","embeddable":true,"href":"https:\/\/archive.sana.sy\/es\/index.php?rest_route=%2Fwp%2Fv2%2Fcategories&post=231421"},{"taxonomy":"post_tag","embeddable":true,"href":"https:\/\/archive.sana.sy\/es\/index.php?rest_route=%2Fwp%2Fv2%2Ftags&post=231421"}],"curies":[{"name":"wp","href":"https:\/\/api.w.org\/{rel}","templated":true}]}}