{"id":231428,"date":"2022-04-30T23:03:28","date_gmt":"2022-04-30T20:03:28","guid":{"rendered":"http:\/\/107.6.182.27\/es\/?p=231428"},"modified":"2022-05-01T06:23:05","modified_gmt":"2022-05-01T03:23:05","slug":"primera-dama-destaca-participacion-de-siria-en-expo-dubai-2020","status":"publish","type":"post","link":"https:\/\/archive.sana.sy\/es\/?p=231428","title":{"rendered":"Primera Dama destaca participaci\u00f3n de Siria en Expo Dub\u00e1i 2020"},"content":{"rendered":"<p style=\"text-align: justify;\"><span style=\"color: #800000;\"><strong>Damasco, 30 abr (SANA)\u00a0<\/strong><\/span> \u00a0La primera dama Asma al-Assad se reuni\u00f3 hoy por videoconferencia con el equipo del pabell\u00f3n sirio en Expo Dub\u00e1i 2020 y agradeci\u00f3 sus esfuerzos y honestidad por el \u00e9xito de la participaci\u00f3n de Siria en este evento mundial.<\/p>\n<p style=\"text-align: justify;\">Asma Al-Assad enfatiz\u00f3 que el pabell\u00f3n sirio, con todos sus contenidos, pudo presentar una imagen del pueblo, la identidad y la cultura de Siria a todo el mundo, y resaltar su papel a lo largo de los siglos.<\/p>\n<p style=\"text-align: justify;\">Elogi\u00f3 la excelente participaci\u00f3n siria protagonizada por 150 sirios residentes dentro o fuera del pa\u00eds, y dijo que la misma es motivo de orgullo para todos los sirios.<\/p>\n<p style=\"text-align: justify;\">fm\/rr<\/p>\n","protected":false},"excerpt":{"rendered":"<p>Damasco, 30 abr (SANA)\u00a0 \u00a0La primera dama Asma al-Assad se reuni\u00f3 hoy por videoconferencia con el equipo del pabell\u00f3n sirio en Expo Dub\u00e1i 2020 y agradeci\u00f3 sus esfuerzos y honestidad por el \u00e9xito de la participaci\u00f3n de Siria en este evento mundial. Asma Al-Assad enfatiz\u00f3 que el pabell\u00f3n sirio, con todos sus contenidos, pudo presentar &hellip;<\/p>\n","protected":false},"author":31,"featured_media":231433,"comment_status":"closed","ping_status":"closed","sticky":false,"template":"","format":"standard","meta":{"footnotes":""},"categories":[597,476,583],"tags":[],"class_list":["post-231428","post","type-post","status-publish","format-standard","has-post-thumbnail","","category-cinta-de-noticias","category-locales","category-slide"],"_links":{"self":[{"href":"https:\/\/archive.sana.sy\/es\/index.php?rest_route=\/wp\/v2\/posts\/231428"}],"collection":[{"href":"https:\/\/archive.sana.sy\/es\/index.php?rest_route=\/wp\/v2\/posts"}],"about":[{"href":"https:\/\/archive.sana.sy\/es\/index.php?rest_route=\/wp\/v2\/types\/post"}],"author":[{"embeddable":true,"href":"https:\/\/archive.sana.sy\/es\/index.php?rest_route=\/wp\/v2\/users\/31"}],"replies":[{"embeddable":true,"href":"https:\/\/archive.sana.sy\/es\/index.php?rest_route=%2Fwp%2Fv2%2Fcomments&post=231428"}],"version-history":[{"count":0,"href":"https:\/\/archive.sana.sy\/es\/index.php?rest_route=\/wp\/v2\/posts\/231428\/revisions"}],"wp:featuredmedia":[{"embeddable":true,"href":"https:\/\/archive.sana.sy\/es\/index.php?rest_route=\/wp\/v2\/media\/231433"}],"wp:attachment":[{"href":"https:\/\/archive.sana.sy\/es\/index.php?rest_route=%2Fwp%2Fv2%2Fmedia&parent=231428"}],"wp:term":[{"taxonomy":"category","embeddable":true,"href":"https:\/\/archive.sana.sy\/es\/index.php?rest_route=%2Fwp%2Fv2%2Fcategories&post=231428"},{"taxonomy":"post_tag","embeddable":true,"href":"https:\/\/archive.sana.sy\/es\/index.php?rest_route=%2Fwp%2Fv2%2Ftags&post=231428"}],"curies":[{"name":"wp","href":"https:\/\/api.w.org\/{rel}","templated":true}]}}