{"id":231434,"date":"2022-05-01T06:48:47","date_gmt":"2022-05-01T03:48:47","guid":{"rendered":"http:\/\/107.6.182.27\/es\/?p=231434"},"modified":"2023-01-10T16:19:28","modified_gmt":"2023-01-10T14:19:28","slug":"serbia-dice-que-no-sera-un-saco-de-boxeo-para-nadie","status":"publish","type":"post","link":"https:\/\/archive.sana.sy\/es\/?p=231434","title":{"rendered":"Serbia dice que &#8220;no ser\u00e1 un saco de boxeo para nadie&#8221;"},"content":{"rendered":"<blockquote>\n<p style=\"text-align: justify;\">En 2020, funcionarios estadounidenses advirtieron a Belgrado que no adquiriera los sistemas chinos, argumentando que, si Serbia realmente quiere ser miembro de la Uni\u00f3n Europea y otras alianzas occidentales, entonces debe alinear su equipamiento militar con los est\u00e1ndares de Occidente.<\/p>\n<\/blockquote>\n<p style=\"text-align: justify;\"><span style=\"color: #800000;\"><strong>Belgrado, 01 may (SANA)<\/strong> <\/span>El presidente de Serbia, Aleksandar Vucic, asegur\u00f3 que los misiles tierra-aire chinos, as\u00ed como otros equipos militares no amenazan a nadie y solo representan un poderoso elemento de disuasi\u00f3n contra posibles atacantes.<\/p>\n<p style=\"text-align: justify;\">&#8220;Ya no permitiremos ser un saco de boxeo para nadie&#8221;, asever\u00f3 el mandatario en una referencia a los bombardeos de Serbia por la OTAN durante la guerra de Kosovo.<\/p>\n<p style=\"text-align: justify;\">Pek\u00edn efectu\u00f3 el env\u00edo del FK-3 a trav\u00e9s de una entrega semisecreta a principios de abril que involucr\u00f3 varios aviones de transporte militar Y-20 de la Fuerza A\u00e9rea del Ej\u00e9rcito Popular de Liberaci\u00f3n de China.<\/p>\n<p style=\"text-align: justify;\">La v\u00edspera, Serbia mostr\u00f3 unidades del sistema de misiles antia\u00e9reos chino HQ-22, en el marco de la exposici\u00f3n militar Escudo 2022, celebrada en la base a\u00e9rea de Batajnica, cerca de la capital de Belgrado.<\/p>\n<p style=\"text-align: justify;\">Aparte del FK-3, se mostr\u00f3 el sistema de defensa a\u00e9rea Pantsir-S1, los cazas MiG-29, helic\u00f3pteros Mi-8, Mi-17, Mi-35 (todos de producci\u00f3n rusa), aviones de ataque J-22, helic\u00f3pteros Airbus H145, veh\u00edculos blindados y rob\u00f3ticos, drones, entre otro equipo militar.<\/p>\n<p style=\"text-align: justify;\">En 2020, funcionarios estadounidenses advirtieron a Belgrado que no adquiriera los sistemas chinos, argumentando que, si Serbia realmente quiere ser miembro de la Uni\u00f3n Europea y otras alianzas occidentales, entonces debe alinear su equipamiento militar con los est\u00e1ndares de Occidente.<\/p>\n<p style=\"text-align: justify;\">fm<\/p>\n","protected":false},"excerpt":{"rendered":"<p>En 2020, funcionarios estadounidenses advirtieron a Belgrado que no adquiriera los sistemas chinos, argumentando que, si Serbia realmente quiere ser miembro de la Uni\u00f3n Europea y otras alianzas occidentales, entonces debe alinear su equipamiento militar con los est\u00e1ndares de Occidente. Belgrado, 01 may (SANA) El presidente de Serbia, Aleksandar Vucic, asegur\u00f3 que los misiles tierra-aire &hellip;<\/p>\n","protected":false},"author":34,"featured_media":231435,"comment_status":"closed","ping_status":"closed","sticky":false,"template":"","format":"standard","meta":{"footnotes":""},"categories":[597,456,7541],"tags":[],"class_list":["post-231434","post","type-post","status-publish","format-standard","has-post-thumbnail","","category-cinta-de-noticias","category-arabe-internacional-politica","category-ultimas-noticias"],"_links":{"self":[{"href":"https:\/\/archive.sana.sy\/es\/index.php?rest_route=\/wp\/v2\/posts\/231434"}],"collection":[{"href":"https:\/\/archive.sana.sy\/es\/index.php?rest_route=\/wp\/v2\/posts"}],"about":[{"href":"https:\/\/archive.sana.sy\/es\/index.php?rest_route=\/wp\/v2\/types\/post"}],"author":[{"embeddable":true,"href":"https:\/\/archive.sana.sy\/es\/index.php?rest_route=\/wp\/v2\/users\/34"}],"replies":[{"embeddable":true,"href":"https:\/\/archive.sana.sy\/es\/index.php?rest_route=%2Fwp%2Fv2%2Fcomments&post=231434"}],"version-history":[{"count":0,"href":"https:\/\/archive.sana.sy\/es\/index.php?rest_route=\/wp\/v2\/posts\/231434\/revisions"}],"wp:featuredmedia":[{"embeddable":true,"href":"https:\/\/archive.sana.sy\/es\/index.php?rest_route=\/wp\/v2\/media\/231435"}],"wp:attachment":[{"href":"https:\/\/archive.sana.sy\/es\/index.php?rest_route=%2Fwp%2Fv2%2Fmedia&parent=231434"}],"wp:term":[{"taxonomy":"category","embeddable":true,"href":"https:\/\/archive.sana.sy\/es\/index.php?rest_route=%2Fwp%2Fv2%2Fcategories&post=231434"},{"taxonomy":"post_tag","embeddable":true,"href":"https:\/\/archive.sana.sy\/es\/index.php?rest_route=%2Fwp%2Fv2%2Ftags&post=231434"}],"curies":[{"name":"wp","href":"https:\/\/api.w.org\/{rel}","templated":true}]}}