{"id":231440,"date":"2022-05-01T08:34:54","date_gmt":"2022-05-01T05:34:54","guid":{"rendered":"http:\/\/107.6.182.27\/es\/?p=231440"},"modified":"2023-01-10T15:32:45","modified_gmt":"2023-01-10T13:32:45","slug":"titulares-de-la-agencia-sana-01-mayo-2022","status":"publish","type":"post","link":"https:\/\/archive.sana.sy\/es\/?p=231440","title":{"rendered":"Titulares de la agencia SANA, 01 mayo 2022"},"content":{"rendered":"<p style=\"text-align: justify;\"><strong><span style=\"color: #800000;\">Damasco, 01 may (SANA)\u00a0<\/span><\/strong> \u00a0\u2b55\ufe0f\u00a0Presidente al-Assad nombra nuevo jefe del Estado Mayor del Ej\u00e9rcito y las Fuerzas Armadas de Siria.<\/p>\n<p style=\"text-align: justify;\">\u2b55\ufe0f\u00a0Siria concede amnist\u00eda a delitos terroristas cometidos antes de la fecha de 30 de abril de 2022.<\/p>\n<p style=\"text-align: justify;\">\u2b55\ufe0f\u00a0Primera Dama destaca participaci\u00f3n de Siria en Expo Dub\u00e1i 2020.<\/p>\n<p style=\"text-align: justify;\">\u2b55\ufe0f\u00a0Ir\u00e1n condena politizaci\u00f3n del expediente de armas qu\u00edmicas en Siria.<\/p>\n<p style=\"text-align: justify;\">\u2b55\ufe0f\u00a0Seis j\u00f3venes secuestrados por la milicia separatista FDS en Hasakeh\/nordeste de Siria.<\/p>\n<p style=\"text-align: justify;\">\u2b55\ufe0f\u00a0Trabajadores sirios desaf\u00edan el bloqueo y mantienen operativa a su central el\u00e9ctrica.<\/p>\n<p style=\"text-align: justify;\">\u2b55\ufe0f\u00a0Abatido un comandante de la milicia proestadounidense FDS en Raqa.<\/p>\n<p style=\"text-align: justify;\">\u2b55\ufe0f\u00a0M\u00e1s de 120 ultranacionalistas ucranianos fueron eliminados y 18 drones derribados, anuncia Defensa rusa.<\/p>\n<p style=\"text-align: justify;\">\u2b55\ufe0f\u00a0EEUU y la UE pretenden combatir a Rusia hasta el \u00faltimo ucraniano, afirma Lavrov.<\/p>\n<p style=\"text-align: justify;\">\u2b55\ufe0f\u00a0Las defensas antia\u00e9reas de Rusia impiden que un avi\u00f3n ucraniano viole el espacio a\u00e9reo del pa\u00eds.<\/p>\n<p style=\"text-align: justify;\">\u2b55\ufe0f 25 civiles logran salir de la planta de Azovstal en Mari\u00fapol<\/p>\n<p style=\"text-align: justify;\">\u2b55\ufe0f\u00a0Brindan ayuda alimentaria y financiera a familias necesitadas en Raqa\/Siria.<\/p>\n<p style=\"text-align: justify;\">\u2b55\ufe0f\u00a0Fuerzas rusas golpean 17 instalaciones militares ucranianas y eliminan a m\u00e1s de 200 militares del pa\u00eds eslavo.<\/p>\n<p style=\"text-align: justify;\">\n","protected":false},"excerpt":{"rendered":"<p>Damasco, 01 may (SANA)\u00a0 \u00a0\u2b55\ufe0f\u00a0Presidente al-Assad nombra nuevo jefe del Estado Mayor del Ej\u00e9rcito y las Fuerzas Armadas de Siria. \u2b55\ufe0f\u00a0Siria concede amnist\u00eda a delitos terroristas cometidos antes de la fecha de 30 de abril de 2022. \u2b55\ufe0f\u00a0Primera Dama destaca participaci\u00f3n de Siria en Expo Dub\u00e1i 2020. \u2b55\ufe0f\u00a0Ir\u00e1n condena politizaci\u00f3n del expediente de armas qu\u00edmicas &hellip;<\/p>\n","protected":false},"author":32,"featured_media":231441,"comment_status":"closed","ping_status":"closed","sticky":false,"template":"","format":"standard","meta":{"footnotes":""},"categories":[447,555,597,7541],"tags":[],"class_list":["post-231440","post","type-post","status-publish","format-standard","has-post-thumbnail","","category-local-politica","category-prensa","category-cinta-de-noticias","category-ultimas-noticias"],"_links":{"self":[{"href":"https:\/\/archive.sana.sy\/es\/index.php?rest_route=\/wp\/v2\/posts\/231440"}],"collection":[{"href":"https:\/\/archive.sana.sy\/es\/index.php?rest_route=\/wp\/v2\/posts"}],"about":[{"href":"https:\/\/archive.sana.sy\/es\/index.php?rest_route=\/wp\/v2\/types\/post"}],"author":[{"embeddable":true,"href":"https:\/\/archive.sana.sy\/es\/index.php?rest_route=\/wp\/v2\/users\/32"}],"replies":[{"embeddable":true,"href":"https:\/\/archive.sana.sy\/es\/index.php?rest_route=%2Fwp%2Fv2%2Fcomments&post=231440"}],"version-history":[{"count":0,"href":"https:\/\/archive.sana.sy\/es\/index.php?rest_route=\/wp\/v2\/posts\/231440\/revisions"}],"wp:featuredmedia":[{"embeddable":true,"href":"https:\/\/archive.sana.sy\/es\/index.php?rest_route=\/wp\/v2\/media\/231441"}],"wp:attachment":[{"href":"https:\/\/archive.sana.sy\/es\/index.php?rest_route=%2Fwp%2Fv2%2Fmedia&parent=231440"}],"wp:term":[{"taxonomy":"category","embeddable":true,"href":"https:\/\/archive.sana.sy\/es\/index.php?rest_route=%2Fwp%2Fv2%2Fcategories&post=231440"},{"taxonomy":"post_tag","embeddable":true,"href":"https:\/\/archive.sana.sy\/es\/index.php?rest_route=%2Fwp%2Fv2%2Ftags&post=231440"}],"curies":[{"name":"wp","href":"https:\/\/api.w.org\/{rel}","templated":true}]}}