{"id":231444,"date":"2022-05-01T09:09:56","date_gmt":"2022-05-01T06:09:56","guid":{"rendered":"http:\/\/107.6.182.27\/es\/?p=231444"},"modified":"2022-05-01T09:12:27","modified_gmt":"2022-05-01T06:12:27","slug":"siria-celebra-el-dia-internacional-de-trabajadores-2","status":"publish","type":"post","link":"https:\/\/archive.sana.sy\/es\/?p=231444","title":{"rendered":"Siria celebra el D\u00eda Internacional de Trabajadores"},"content":{"rendered":"<p style=\"text-align: justify;\"><strong><span style=\"color: #800000;\">Damasco, 01 mayo (SANA)<\/span>\u00a0 \u00a0 <\/strong>Los trabajadores de Siria y sus organizaciones sindicales comparten con los obreros del mundo sus celebraciones por el Primero de Mayo, D\u00eda Internacional de Trabajadores.<\/p>\n<p style=\"text-align: justify;\">Esta fecha en Siria es un d\u00eda de fiesta nacional y cobr\u00f3 importantes dimensiones y significados especialmente despu\u00e9s de la Revoluci\u00f3n del 8 de Marzo de 1963 y el Movimiento de Rectificaci\u00f3n el 16 de noviembre de 1973.<\/p>\n<p style=\"text-align: justify;\">La clase obrera siria celebra el Primero de Mayo este a\u00f1o en momentos en que la patria Siria enfrenta una feroz guerra econ\u00f3mica y un injusto bloqueo impuesto por potencias agresivas que persisten en sus complots contra las luchas y aspiraciones del pueblo.<\/p>\n<p style=\"text-align: justify;\">Es importante destacar que m\u00e1s de 5000 trabajadores, tanto del sector privado como del estatal, perdieron la vida en sus centros de trabajo a manos de las fuerzas oscurantistas, takfiristas y terroristas\u2026<\/p>\n<p style=\"text-align: justify;\">En reconocimiento a estos m\u00e1rtires, el gobierno se comprometi\u00f3 a ofrecer viviendas y puestos de trabajo a sus familias.<\/p>\n<p style=\"text-align: justify;\">Siria necesita m\u00e1s que nunca de los esfuerzos de sus trabajadores en todos los campos con el fin de recuperarse y superar los desaf\u00edos.<\/p>\n<p style=\"text-align: justify;\"><strong>Viva el Primero de Mayo<\/strong><\/p>\n<p>em\/ed<\/p>\n","protected":false},"excerpt":{"rendered":"<p>Damasco, 01 mayo (SANA)\u00a0 \u00a0 Los trabajadores de Siria y sus organizaciones sindicales comparten con los obreros del mundo sus celebraciones por el Primero de Mayo, D\u00eda Internacional de Trabajadores. Esta fecha en Siria es un d\u00eda de fiesta nacional y cobr\u00f3 importantes dimensiones y significados especialmente despu\u00e9s de la Revoluci\u00f3n del 8 de Marzo &hellip;<\/p>\n","protected":false},"author":32,"featured_media":231447,"comment_status":"closed","ping_status":"closed","sticky":false,"template":"","format":"standard","meta":{"footnotes":""},"categories":[597,476,583],"tags":[],"class_list":["post-231444","post","type-post","status-publish","format-standard","has-post-thumbnail","","category-cinta-de-noticias","category-locales","category-slide"],"_links":{"self":[{"href":"https:\/\/archive.sana.sy\/es\/index.php?rest_route=\/wp\/v2\/posts\/231444"}],"collection":[{"href":"https:\/\/archive.sana.sy\/es\/index.php?rest_route=\/wp\/v2\/posts"}],"about":[{"href":"https:\/\/archive.sana.sy\/es\/index.php?rest_route=\/wp\/v2\/types\/post"}],"author":[{"embeddable":true,"href":"https:\/\/archive.sana.sy\/es\/index.php?rest_route=\/wp\/v2\/users\/32"}],"replies":[{"embeddable":true,"href":"https:\/\/archive.sana.sy\/es\/index.php?rest_route=%2Fwp%2Fv2%2Fcomments&post=231444"}],"version-history":[{"count":0,"href":"https:\/\/archive.sana.sy\/es\/index.php?rest_route=\/wp\/v2\/posts\/231444\/revisions"}],"wp:featuredmedia":[{"embeddable":true,"href":"https:\/\/archive.sana.sy\/es\/index.php?rest_route=\/wp\/v2\/media\/231447"}],"wp:attachment":[{"href":"https:\/\/archive.sana.sy\/es\/index.php?rest_route=%2Fwp%2Fv2%2Fmedia&parent=231444"}],"wp:term":[{"taxonomy":"category","embeddable":true,"href":"https:\/\/archive.sana.sy\/es\/index.php?rest_route=%2Fwp%2Fv2%2Fcategories&post=231444"},{"taxonomy":"post_tag","embeddable":true,"href":"https:\/\/archive.sana.sy\/es\/index.php?rest_route=%2Fwp%2Fv2%2Ftags&post=231444"}],"curies":[{"name":"wp","href":"https:\/\/api.w.org\/{rel}","templated":true}]}}