{"id":231449,"date":"2022-05-01T10:14:13","date_gmt":"2022-05-01T07:14:13","guid":{"rendered":"http:\/\/107.6.182.27\/es\/?p=231449"},"modified":"2023-01-10T16:19:28","modified_gmt":"2023-01-10T14:19:28","slug":"un-palestino-lesionado-y-dos-arrestados-arbitrariamente-por-los-soldados-israelies-en-cisjordania","status":"publish","type":"post","link":"https:\/\/archive.sana.sy\/es\/?p=231449","title":{"rendered":"Un palestino lesionado y dos arrestados arbitrariamente por los soldados israel\u00edes en Cisjordania"},"content":{"rendered":"<p style=\"text-align: justify;\"><strong><span style=\"color: #800000;\">Jerusal\u00e9n ocupada, 01 may (SANA)\u00a0<\/span><\/strong> Un palestino result\u00f3 herido y otros dos fueron arrestados esta madrugada cuando las tropas del ocupante israel\u00ed irrumpieron en varias aldeas en las cercan\u00edas de Jenin en Cisjordania.<\/p>\n<p style=\"text-align: justify;\">Seg\u00fan divulg\u00f3 la agencia de noticias Wafa, los militares sionistas asaltaron las ciudades y pueblos de Sanur, Jabaa y Marka, y asaltaron las casas de los palestinos, y abrieron fuego y botes de gas lacrim\u00f3geno contra ellos, lo que caus\u00f3 lesiones a un joven mientras otros dos fueron lesionados.<\/p>\n<p style=\"text-align: justify;\">El \u00faltimo s\u00e1bado, decenas de palestinos resultaron heridos y otros 12 fueron arrestados durante el asalto de las fuerzas de ocupaci\u00f3n israel\u00edes a varias \u00e1reas en Cisjordania.<\/p>\n<p style=\"text-align: justify;\">ed\/fm<\/p>\n","protected":false},"excerpt":{"rendered":"<p>Jerusal\u00e9n ocupada, 01 may (SANA)\u00a0 Un palestino result\u00f3 herido y otros dos fueron arrestados esta madrugada cuando las tropas del ocupante israel\u00ed irrumpieron en varias aldeas en las cercan\u00edas de Jenin en Cisjordania. Seg\u00fan divulg\u00f3 la agencia de noticias Wafa, los militares sionistas asaltaron las ciudades y pueblos de Sanur, Jabaa y Marka, y asaltaron &hellip;<\/p>\n","protected":false},"author":32,"featured_media":231450,"comment_status":"closed","ping_status":"closed","sticky":false,"template":"","format":"standard","meta":{"footnotes":""},"categories":[597,456,7541],"tags":[],"class_list":["post-231449","post","type-post","status-publish","format-standard","has-post-thumbnail","","category-cinta-de-noticias","category-arabe-internacional-politica","category-ultimas-noticias"],"_links":{"self":[{"href":"https:\/\/archive.sana.sy\/es\/index.php?rest_route=\/wp\/v2\/posts\/231449"}],"collection":[{"href":"https:\/\/archive.sana.sy\/es\/index.php?rest_route=\/wp\/v2\/posts"}],"about":[{"href":"https:\/\/archive.sana.sy\/es\/index.php?rest_route=\/wp\/v2\/types\/post"}],"author":[{"embeddable":true,"href":"https:\/\/archive.sana.sy\/es\/index.php?rest_route=\/wp\/v2\/users\/32"}],"replies":[{"embeddable":true,"href":"https:\/\/archive.sana.sy\/es\/index.php?rest_route=%2Fwp%2Fv2%2Fcomments&post=231449"}],"version-history":[{"count":0,"href":"https:\/\/archive.sana.sy\/es\/index.php?rest_route=\/wp\/v2\/posts\/231449\/revisions"}],"wp:featuredmedia":[{"embeddable":true,"href":"https:\/\/archive.sana.sy\/es\/index.php?rest_route=\/wp\/v2\/media\/231450"}],"wp:attachment":[{"href":"https:\/\/archive.sana.sy\/es\/index.php?rest_route=%2Fwp%2Fv2%2Fmedia&parent=231449"}],"wp:term":[{"taxonomy":"category","embeddable":true,"href":"https:\/\/archive.sana.sy\/es\/index.php?rest_route=%2Fwp%2Fv2%2Fcategories&post=231449"},{"taxonomy":"post_tag","embeddable":true,"href":"https:\/\/archive.sana.sy\/es\/index.php?rest_route=%2Fwp%2Fv2%2Ftags&post=231449"}],"curies":[{"name":"wp","href":"https:\/\/api.w.org\/{rel}","templated":true}]}}